{"id":54850,"date":"2023-01-08T16:33:52","date_gmt":"2023-01-08T15:33:52","guid":{"rendered":"https:\/\/jugulajm.net\/?p=54850"},"modified":"2023-01-08T16:33:52","modified_gmt":"2023-01-08T15:33:52","slug":"lajm-i-fundit-aksident-prane-varrezave-ne-gjirokaster-ka-te-plagosur","status":"publish","type":"post","link":"https:\/\/jugulajm.net\/?p=54850","title":{"rendered":"LAJM I FUNDIT\/ Aksident pran\u00eb varrezave n\u00eb Gjirokast\u00ebr, ka t\u00eb plagosur"},"content":{"rendered":"<p>Gjirokast\u00ebr\/ Informacion paraprak<\/p>\n<p>Rreth or\u00ebs 15:20, n\u00eb aksin rrugor \u201cGjirokast\u00ebr-Kordhoc\u00eb\u201d, jan\u00eb p\u00ebrplasur automjeti tip &#8220;Nissan&#8221;, me drejtues shtetasin J. D., 66 vje\u00e7, banues n\u00eb Gjirokast\u00ebr, automjeti tip furgon, me drejtues shtetasin N. B., 55 vje\u00e7, banues n\u00eb Kor\u00e7\u00eb dhe automjeti tip &#8220;Ford&#8221;, me drejtues shtetasin E. L., 37 vje\u00e7, banues n\u00eb Gjirokast\u00ebr.<\/p>\n<p>P\u00ebr pasoj\u00eb, jan\u00eb d\u00ebmtuar leht\u00eb 2 drejtuesit e automjeteve tip &#8220;Nissan&#8221; dhe &#8220;Ford&#8221;, si dhe ka mbetur e d\u00ebmtuar (r\u00ebnd\u00eb) pasagjerja q\u00eb ndodhej n\u00eb automjetin tip &#8220;Nissan&#8221;, shtetasja S. D., 60 vje\u00e7e), t\u00eb cil\u00ebt jan\u00eb transportuar n\u00eb Spitalin Rajonal Gjirokast\u00ebr.<\/p>\n<p>N\u00eb vendngjarje ndodhet grupi hetimor, i cili po punon p\u00ebr zbardhjen e shkaqeve t\u00eb aksidentit.<\/p>\n","protected":false},"excerpt":{"rendered":"<p>Gjirokast\u00ebr\/ Informacion paraprak Rreth or\u00ebs 15:20, n\u00eb aksin rrugor \u201cGjirokast\u00ebr-Kordhoc\u00eb\u201d, jan\u00eb p\u00ebrplasur automjeti tip &#8220;Nissan&#8221;, me drejtues shtetasin J. D., 66 vje\u00e7, banues n\u00eb Gjirokast\u00ebr, automjeti tip furgon, me drejtues shtetasin N. B., 55 vje\u00e7, banues n\u00eb Kor\u00e7\u00eb dhe automjeti tip &#8220;Ford&#8221;, me drejtues shtetasin E. L., 37 vje\u00e7, banues n\u00eb Gjirokast\u00ebr. P\u00ebr pasoj\u00eb, jan\u00eb [&hellip;]<\/p>\n","protected":false},"author":5,"featured_media":48943,"comment_status":"open","ping_status":"open","sticky":false,"template":"","format":"standard","meta":{"footnotes":""},"categories":[1,6332],"tags":[20311,21372],"class_list":{"0":"post-54850","1":"post","2":"type-post","3":"status-publish","4":"format-standard","5":"has-post-thumbnail","7":"category-aktualitet","8":"category-te-fundit","9":"tag-ka-te-plagosur","10":"tag-lajm-i-fundit-aksident-prane-varrezave-ne-gjirokaster"},"_links":{"self":[{"href":"https:\/\/jugulajm.net\/index.php?rest_route=\/wp\/v2\/posts\/54850","targetHints":{"allow":["GET"]}}],"collection":[{"href":"https:\/\/jugulajm.net\/index.php?rest_route=\/wp\/v2\/posts"}],"about":[{"href":"https:\/\/jugulajm.net\/index.php?rest_route=\/wp\/v2\/types\/post"}],"author":[{"embeddable":true,"href":"https:\/\/jugulajm.net\/index.php?rest_route=\/wp\/v2\/users\/5"}],"replies":[{"embeddable":true,"href":"https:\/\/jugulajm.net\/index.php?rest_route=%2Fwp%2Fv2%2Fcomments&post=54850"}],"version-history":[{"count":0,"href":"https:\/\/jugulajm.net\/index.php?rest_route=\/wp\/v2\/posts\/54850\/revisions"}],"wp:featuredmedia":[{"embeddable":true,"href":"https:\/\/jugulajm.net\/index.php?rest_route=\/wp\/v2\/media\/48943"}],"wp:attachment":[{"href":"https:\/\/jugulajm.net\/index.php?rest_route=%2Fwp%2Fv2%2Fmedia&parent=54850"}],"wp:term":[{"taxonomy":"category","embeddable":true,"href":"https:\/\/jugulajm.net\/index.php?rest_route=%2Fwp%2Fv2%2Fcategories&post=54850"},{"taxonomy":"post_tag","embeddable":true,"href":"https:\/\/jugulajm.net\/index.php?rest_route=%2Fwp%2Fv2%2Ftags&post=54850"}],"curies":[{"name":"wp","href":"https:\/\/api.w.org\/{rel}","templated":true}]}}