{"id":54825,"date":"2023-01-07T20:03:30","date_gmt":"2023-01-07T19:03:30","guid":{"rendered":"https:\/\/jugulajm.net\/?p=54825"},"modified":"2023-01-07T20:03:30","modified_gmt":"2023-01-07T19:03:30","slug":"greqi-humb-jeten-shqiptari-ishte-duke-mbledhur","status":"publish","type":"post","link":"https:\/\/jugulajm.net\/?p=54825","title":{"rendered":"Greqi\/ Humb jet\u00ebn shqiptari, ishte duke mbledhur&#8230;"},"content":{"rendered":"<p>Nj\u00eb ngjarje tep\u00ebr tragjike dhe e r\u00ebnd\u00eb ka ndodhur n\u00eb Greqi.<\/p>\n<p>Ngjarja ndodhi n\u00eb Keratea ku nj\u00eb 40-vje\u00e7ar shqiptar po mblidhte disa bim\u00eb n\u00eb nj\u00eb mal grek.<\/p>\n<p>Gjat\u00eb k\u00ebsaj kohe nj\u00eb gur i madh \u00ebsht\u00eb shk\u00ebputur nga mali dhe ka r\u00ebn\u00eb prej nj\u00eb lart\u00ebsi rreth 20 metra duke e z\u00ebn\u00eb posht\u00eb 40-vje\u00e7arin shqiptar.<\/p>\n<p>P\u00ebr fat t\u00eb keq ai humbi jet\u00ebn menj\u00ebher\u00eb. Sipas mediave greke policia u njoftua nga dy persona t\u00eb tjer\u00eb t\u00eb cil\u00ebt ndodheshin n\u00eb mal bashk\u00eb me 40-vje\u00e7arin shqiptar.<\/p>\n","protected":false},"excerpt":{"rendered":"<p>Nj\u00eb ngjarje tep\u00ebr tragjike dhe e r\u00ebnd\u00eb ka ndodhur n\u00eb Greqi. Ngjarja ndodhi n\u00eb Keratea ku nj\u00eb 40-vje\u00e7ar shqiptar po mblidhte disa bim\u00eb n\u00eb nj\u00eb mal grek. Gjat\u00eb k\u00ebsaj kohe nj\u00eb gur i madh \u00ebsht\u00eb shk\u00ebputur nga mali dhe ka r\u00ebn\u00eb prej nj\u00eb lart\u00ebsi rreth 20 metra duke e z\u00ebn\u00eb posht\u00eb 40-vje\u00e7arin shqiptar. P\u00ebr fat [&hellip;]<\/p>\n","protected":false},"author":5,"featured_media":54826,"comment_status":"open","ping_status":"open","sticky":false,"template":"","format":"standard","meta":{"footnotes":""},"categories":[1,6332],"tags":[21360,21361],"class_list":{"0":"post-54825","1":"post","2":"type-post","3":"status-publish","4":"format-standard","5":"has-post-thumbnail","7":"category-aktualitet","8":"category-te-fundit","9":"tag-greqi-humb-jeten-shqiptari","10":"tag-ishte-duke-mbledhur"},"_links":{"self":[{"href":"https:\/\/jugulajm.net\/index.php?rest_route=\/wp\/v2\/posts\/54825","targetHints":{"allow":["GET"]}}],"collection":[{"href":"https:\/\/jugulajm.net\/index.php?rest_route=\/wp\/v2\/posts"}],"about":[{"href":"https:\/\/jugulajm.net\/index.php?rest_route=\/wp\/v2\/types\/post"}],"author":[{"embeddable":true,"href":"https:\/\/jugulajm.net\/index.php?rest_route=\/wp\/v2\/users\/5"}],"replies":[{"embeddable":true,"href":"https:\/\/jugulajm.net\/index.php?rest_route=%2Fwp%2Fv2%2Fcomments&post=54825"}],"version-history":[{"count":0,"href":"https:\/\/jugulajm.net\/index.php?rest_route=\/wp\/v2\/posts\/54825\/revisions"}],"wp:featuredmedia":[{"embeddable":true,"href":"https:\/\/jugulajm.net\/index.php?rest_route=\/wp\/v2\/media\/54826"}],"wp:attachment":[{"href":"https:\/\/jugulajm.net\/index.php?rest_route=%2Fwp%2Fv2%2Fmedia&parent=54825"}],"wp:term":[{"taxonomy":"category","embeddable":true,"href":"https:\/\/jugulajm.net\/index.php?rest_route=%2Fwp%2Fv2%2Fcategories&post=54825"},{"taxonomy":"post_tag","embeddable":true,"href":"https:\/\/jugulajm.net\/index.php?rest_route=%2Fwp%2Fv2%2Ftags&post=54825"}],"curies":[{"name":"wp","href":"https:\/\/api.w.org\/{rel}","templated":true}]}}