{"id":54730,"date":"2023-01-05T19:43:14","date_gmt":"2023-01-05T18:43:14","guid":{"rendered":"https:\/\/jugulajm.net\/?p=54730"},"modified":"2023-01-05T19:45:17","modified_gmt":"2023-01-05T18:45:17","slug":"video-aktorja-nga-tepelena-tregon-regjisorin-qe-e-ngacmoi-seksualisht-emri","status":"publish","type":"post","link":"https:\/\/jugulajm.net\/?p=54730","title":{"rendered":"VIDEO\/ Aktorja nga Tepelena tregon regjisorin q\u00eb e ngacmoi seksualisht\/ EMRI"},"content":{"rendered":"<p>Aktorja e humorit nga Tepelena, Esmeralda Metkaj, ose si\u00e7 njihet me emrin e artit Cubi, ka akuzuar nj\u00eb regjisor shqiptar t\u00eb filmave se e ka ngacmuar seksualisht.<\/p>\n<p>Ka qen\u00eb Rudina Dembacaj n\u00eb emisionin \u201cZem\u00ebr Luana\u201d q\u00eb ia ka rikujtuar Cubit deklarat\u00ebn q\u00eb ka b\u00ebr\u00eb disa koh\u00eb m\u00eb par\u00eb duke i k\u00ebrkuar q\u00eb k\u00ebt\u00eb her\u00eb t\u00eb thot\u00eb edhe emrin regjisorit.<\/p>\n<p>Fillimisht Cubi ngurroi, por m\u00eb pas tha se \u00ebsht\u00eb Xhoslin Rama ai q\u00eb e ka ngacmuar.<\/p>\n<p>Dembacaj:\u00a0Cubi Metkaj je shprehur publikisht se t\u00eb kan\u00eb propozuar nj\u00eb projekt kundrejt raporteve, si\u00e7 je shprehur se ndodh shpesh me shum\u00eb aktor\u00eb, ndaj sonte n\u00eb \u201cZem\u00ebr Luana\u201d duam t\u00eb zbulosh nj\u00eb her\u00eb e mir\u00eb emrin e personazhit apo regjisorit q\u00eb t\u00eb ka ngacmuar pak seksualisht.<\/p>\n<p>Cubi:\u00a0P\u00ebrderisa un\u00eb nuk e kam p\u00ebrmendur as m\u00eb p\u00ebrpara k\u00ebt\u00eb em\u00ebr. Okey do ta them\u2026\u00ebsht\u00eb regjisor filmi\u2026\u00ebsht\u00eb Xhoslin Rama.<\/p>\n<div class=\"kodiim\" data-mce-contenteditable=\"false\"><iframe loading=\"lazy\" title=\"E ngacmuan seksualisht! Cubi Metkaj tregon p\u00ebr her\u00eb t\u00eb par\u00eb emrin e regjisorit! - Zem\u00ebr Luana\" src=\"https:\/\/www.youtube.com\/embed\/34XmyXmNBqg\" width=\"789\" height=\"444\" frameborder=\"0\" allowfullscreen=\"allowfullscreen\" data-mce-fragment=\"1\"><\/iframe><\/div>\n","protected":false},"excerpt":{"rendered":"<p>Aktorja e humorit nga Tepelena, Esmeralda Metkaj, ose si\u00e7 njihet me emrin e artit Cubi, ka akuzuar nj\u00eb regjisor shqiptar t\u00eb filmave se e ka ngacmuar seksualisht. Ka qen\u00eb Rudina Dembacaj n\u00eb emisionin \u201cZem\u00ebr Luana\u201d q\u00eb ia ka rikujtuar Cubit deklarat\u00ebn q\u00eb ka b\u00ebr\u00eb disa koh\u00eb m\u00eb par\u00eb duke i k\u00ebrkuar q\u00eb k\u00ebt\u00eb her\u00eb t\u00eb [&hellip;]<\/p>\n","protected":false},"author":5,"featured_media":54732,"comment_status":"open","ping_status":"open","sticky":false,"template":"","format":"standard","meta":{"footnotes":""},"categories":[7665,6332],"tags":[21325],"class_list":{"0":"post-54730","1":"post","2":"type-post","3":"status-publish","4":"format-standard","5":"has-post-thumbnail","7":"category-art","8":"category-te-fundit","9":"tag-video-aktorja-nga-tepelena-tregon-regjisorin-qe-e-ngacmoi-seksualisht-emri"},"_links":{"self":[{"href":"https:\/\/jugulajm.net\/index.php?rest_route=\/wp\/v2\/posts\/54730","targetHints":{"allow":["GET"]}}],"collection":[{"href":"https:\/\/jugulajm.net\/index.php?rest_route=\/wp\/v2\/posts"}],"about":[{"href":"https:\/\/jugulajm.net\/index.php?rest_route=\/wp\/v2\/types\/post"}],"author":[{"embeddable":true,"href":"https:\/\/jugulajm.net\/index.php?rest_route=\/wp\/v2\/users\/5"}],"replies":[{"embeddable":true,"href":"https:\/\/jugulajm.net\/index.php?rest_route=%2Fwp%2Fv2%2Fcomments&post=54730"}],"version-history":[{"count":0,"href":"https:\/\/jugulajm.net\/index.php?rest_route=\/wp\/v2\/posts\/54730\/revisions"}],"wp:featuredmedia":[{"embeddable":true,"href":"https:\/\/jugulajm.net\/index.php?rest_route=\/wp\/v2\/media\/54732"}],"wp:attachment":[{"href":"https:\/\/jugulajm.net\/index.php?rest_route=%2Fwp%2Fv2%2Fmedia&parent=54730"}],"wp:term":[{"taxonomy":"category","embeddable":true,"href":"https:\/\/jugulajm.net\/index.php?rest_route=%2Fwp%2Fv2%2Fcategories&post=54730"},{"taxonomy":"post_tag","embeddable":true,"href":"https:\/\/jugulajm.net\/index.php?rest_route=%2Fwp%2Fv2%2Ftags&post=54730"}],"curies":[{"name":"wp","href":"https:\/\/api.w.org\/{rel}","templated":true}]}}