{"id":54709,"date":"2023-01-05T11:25:38","date_gmt":"2023-01-05T10:25:38","guid":{"rendered":"https:\/\/jugulajm.net\/?p=54709"},"modified":"2023-01-05T11:25:38","modified_gmt":"2023-01-05T10:25:38","slug":"france-shqiptari-u-fut-mes-flakeve-heroikisht-per-te-shpetuar-8-vjecarin-megjithate-i-refuzohet-leja-e-qendrimit","status":"publish","type":"post","link":"https:\/\/jugulajm.net\/?p=54709","title":{"rendered":"Franc\u00eb\/ Shqiptari u fut mes flak\u00ebve heroikisht p\u00ebr t\u00eb shp\u00ebtuar 8-vje\u00e7arin, megjithat\u00eb i refuzohet leja e q\u00ebndrimit"},"content":{"rendered":"<p>Nj\u00eb shqiptar po shpresonte p\u00ebr nj\u00eb leje q\u00ebndrimi pasi shp\u00ebtoi nj\u00eb tet\u00ebvje\u00e7ar nga flak\u00ebt n\u00eb Poitiers, Franc\u00eb, n\u00eb shkurt t\u00eb vitit 2022.<\/p>\n<p>Ai aktualisht \u00ebsht\u00eb subjekt i detyrimit p\u00ebr t\u2019u larguar nga territori francez.\u00a0Akti i tij i trim\u00ebris\u00eb ishte shp\u00ebrblyer.<\/p>\n<p>N\u00eb shkurt t\u00eb vitit 2022, u fol p\u00ebr nj\u00eb shqiptar t\u00eb quajtur Roland Aliu, pasi shp\u00ebtoi nj\u00eb tet\u00ebvje\u00e7ar nga flak\u00ebt n\u00eb Poitiers.\u00a0P\u00ebr heroizmin e tij, ai ishte vler\u00ebsuar me nj\u00eb medalje ari dhe kishte shpres\u00ebn p\u00ebr t\u00eb p\u00ebrfituar nj\u00eb leje q\u00ebndrimi pas disa refuzimeve.\u00a0N\u00eb at\u00eb koh\u00eb, ministri i Brendsh\u00ebm G\u00e9rard Darmanin la t\u00eb kuptohet p\u00ebr perspektiva t\u00eb reja p\u00ebr t\u00eb riun, duke th\u00ebn\u00eb se ai do ta shikonte dosjen \u201cme d\u00ebshir\u00eb dhe me interes\u201d.<\/p>\n<p>\u201cUn\u00eb shpesh e b\u00ebj sepse duhet humaniz\u00ebm\u201d,\u00a0tha ai.<\/p>\n<p>Por q\u00eb at\u00ebher\u00eb nuk ka m\u00eb lajme, thot\u00eb Mediapart.<\/p>\n<p>M\u00eb n\u00eb fund pas muajsh pritjeje, u vendos, qe ai dhe familja e tij duhet t\u00eb largohen nga territori francez brenda nj\u00eb muaji.<\/p>\n<p>\u201cT\u00eb prekur jan\u00eb edhe babai im, n\u00ebna ime dhe v\u00ebllai im i vog\u00ebl, nuk e kuptoj, i kisha shkruar presidentit t\u00eb Republik\u00ebs dhe Ministris\u00eb s\u00eb Brendshme, t\u00eb dy u p\u00ebrgjigj\u00ebn se nuk mund t\u00eb b\u00ebnin asgj\u00eb\u201d,\u00a0tha ai.<\/p>\n<p>Sipas prefektur\u00ebs, kontrollet e kryera me urgjenc\u00ebn dhe policin\u00eb e mobilizuar mbr\u00ebmjen e zjarrit\u00a0\u201cnuk b\u00ebn\u00eb t\u00eb mundur v\u00ebrtetimin e aktit t\u00eb trim\u00ebris\u00eb si\u00e7 p\u00ebrshkruhet\u201d.\u00a0P\u00ebrball\u00eb k\u00ebsaj situate, n\u00eb 7 janar organizohet nj\u00eb tubim mb\u00ebshtetjeje n\u00eb mb\u00ebshtetje t\u00eb shqiptarit.<\/p>\n","protected":false},"excerpt":{"rendered":"<p>Nj\u00eb shqiptar po shpresonte p\u00ebr nj\u00eb leje q\u00ebndrimi pasi shp\u00ebtoi nj\u00eb tet\u00ebvje\u00e7ar nga flak\u00ebt n\u00eb Poitiers, Franc\u00eb, n\u00eb shkurt t\u00eb vitit 2022. Ai aktualisht \u00ebsht\u00eb subjekt i detyrimit p\u00ebr t\u2019u larguar nga territori francez.\u00a0Akti i tij i trim\u00ebris\u00eb ishte shp\u00ebrblyer. N\u00eb shkurt t\u00eb vitit 2022, u fol p\u00ebr nj\u00eb shqiptar t\u00eb quajtur Roland Aliu, pasi [&hellip;]<\/p>\n","protected":false},"author":5,"featured_media":54710,"comment_status":"open","ping_status":"open","sticky":false,"template":"","format":"standard","meta":{"footnotes":""},"categories":[1,7664,6332],"tags":[21312,21313],"class_list":{"0":"post-54709","1":"post","2":"type-post","3":"status-publish","4":"format-standard","5":"has-post-thumbnail","7":"category-aktualitet","8":"category-bota","9":"category-te-fundit","10":"tag-france-shqiptari-u-fut-mes-flakeve-heroikisht-per-te-shpetuar-8-vjecarin","11":"tag-megjithate-i-refuzohet-leja-e-qendrimit"},"_links":{"self":[{"href":"https:\/\/jugulajm.net\/index.php?rest_route=\/wp\/v2\/posts\/54709","targetHints":{"allow":["GET"]}}],"collection":[{"href":"https:\/\/jugulajm.net\/index.php?rest_route=\/wp\/v2\/posts"}],"about":[{"href":"https:\/\/jugulajm.net\/index.php?rest_route=\/wp\/v2\/types\/post"}],"author":[{"embeddable":true,"href":"https:\/\/jugulajm.net\/index.php?rest_route=\/wp\/v2\/users\/5"}],"replies":[{"embeddable":true,"href":"https:\/\/jugulajm.net\/index.php?rest_route=%2Fwp%2Fv2%2Fcomments&post=54709"}],"version-history":[{"count":0,"href":"https:\/\/jugulajm.net\/index.php?rest_route=\/wp\/v2\/posts\/54709\/revisions"}],"wp:featuredmedia":[{"embeddable":true,"href":"https:\/\/jugulajm.net\/index.php?rest_route=\/wp\/v2\/media\/54710"}],"wp:attachment":[{"href":"https:\/\/jugulajm.net\/index.php?rest_route=%2Fwp%2Fv2%2Fmedia&parent=54709"}],"wp:term":[{"taxonomy":"category","embeddable":true,"href":"https:\/\/jugulajm.net\/index.php?rest_route=%2Fwp%2Fv2%2Fcategories&post=54709"},{"taxonomy":"post_tag","embeddable":true,"href":"https:\/\/jugulajm.net\/index.php?rest_route=%2Fwp%2Fv2%2Ftags&post=54709"}],"curies":[{"name":"wp","href":"https:\/\/api.w.org\/{rel}","templated":true}]}}