{"id":54615,"date":"2023-01-02T17:21:07","date_gmt":"2023-01-02T16:21:07","guid":{"rendered":"https:\/\/jugulajm.net\/?p=54615"},"modified":"2023-01-02T17:21:07","modified_gmt":"2023-01-02T16:21:07","slug":"foto-dua-lipa-e-tepron-me-veshjen-per-vitin-e-ri","status":"publish","type":"post","link":"https:\/\/jugulajm.net\/?p=54615","title":{"rendered":"FOTO\/ Dua Lipa e tepron me veshjen p\u00ebr Vitin e Ri"},"content":{"rendered":"<p>Dua Lipa njihet p\u00ebr paraqitjet e saj t\u00eb guximshme, ndaj \u00ebsht\u00eb kujdesur q\u00eb n\u00eb Vitin e Ri t\u00eb &#8216;t\u00ebrheq\u00eb t\u00eb gjith\u00eb syt\u00eb&#8217; tek ajo.<\/p>\n<p>K\u00ebng\u00ebtarja e njohur shqiptare ka postuar disa foto nga paraqitja e saj n\u00eb Instagram, ku komentet e ndjek\u00ebsve kan\u00eb qen\u00eb t\u00eb shumt\u00eb.<\/p>\n<p>Megjithat\u00eb, t\u00eb gjith\u00eb syt\u00eb ran\u00eb, natyrsh\u00ebm n\u00eb pjes\u00ebn e pasme t\u00eb fustanit. N\u00eb fotot q\u00eb ka publikuar, Dua Lipa pozon me fustanin e saj n\u00eb poza mjaft \u201ct\u00eb guximshme\u201d.<\/p>\n<p>2023, G\u00ebzuar Vitin e Ri! Ju uroj paqe, dashuri, sh\u00ebndet dhe lumturi p\u00ebr k\u00ebt\u00eb vit n\u00eb vazhdim.&#8221;, shkruan Dua n\u00eb postimin e saj.<\/p>\n<p><img loading=\"lazy\" loading=\"lazy\" decoding=\"async\" class=\"alignnone size-full wp-image-54617\" src=\"https:\/\/jugulajm.net\/wp-content\/uploads\/2023\/01\/0-500-1672662752xdua1-267.jpg\" alt=\"\" width=\"513\" height=\"500\" srcset=\"https:\/\/jugulajm.net\/wp-content\/uploads\/2023\/01\/0-500-1672662752xdua1-267.jpg 513w, https:\/\/jugulajm.net\/wp-content\/uploads\/2023\/01\/0-500-1672662752xdua1-267-431x420.jpg 431w\" sizes=\"auto, (max-width: 513px) 100vw, 513px\" \/> <img loading=\"lazy\" loading=\"lazy\" decoding=\"async\" class=\"alignnone size-medium wp-image-54618\" src=\"https:\/\/jugulajm.net\/wp-content\/uploads\/2023\/01\/0-500-1672662751xdua3-522.jpg\" alt=\"\" width=\"507\" height=\"500\" srcset=\"https:\/\/jugulajm.net\/wp-content\/uploads\/2023\/01\/0-500-1672662751xdua3-522.jpg 507w, https:\/\/jugulajm.net\/wp-content\/uploads\/2023\/01\/0-500-1672662751xdua3-522-426x420.jpg 426w\" sizes=\"auto, (max-width: 507px) 100vw, 507px\" \/> <img loading=\"lazy\" loading=\"lazy\" decoding=\"async\" class=\"alignnone size-medium wp-image-54619\" src=\"https:\/\/jugulajm.net\/wp-content\/uploads\/2023\/01\/640-0-1672662752xdua-539.jpg\" alt=\"\" width=\"640\" height=\"658\" srcset=\"https:\/\/jugulajm.net\/wp-content\/uploads\/2023\/01\/640-0-1672662752xdua-539.jpg 640w, https:\/\/jugulajm.net\/wp-content\/uploads\/2023\/01\/640-0-1672662752xdua-539-409x420.jpg 409w\" sizes=\"auto, (max-width: 640px) 100vw, 640px\" \/> <img loading=\"lazy\" loading=\"lazy\" decoding=\"async\" class=\"alignnone size-medium wp-image-54620\" src=\"https:\/\/jugulajm.net\/wp-content\/uploads\/2023\/01\/InShot_20230102_171335935-1024x1024.jpg\" alt=\"\" width=\"1024\" height=\"1024\" srcset=\"https:\/\/jugulajm.net\/wp-content\/uploads\/2023\/01\/InShot_20230102_171335935-1024x1024.jpg 1024w, https:\/\/jugulajm.net\/wp-content\/uploads\/2023\/01\/InShot_20230102_171335935-300x300.jpg 300w, https:\/\/jugulajm.net\/wp-content\/uploads\/2023\/01\/InShot_20230102_171335935-768x768.jpg 768w, https:\/\/jugulajm.net\/wp-content\/uploads\/2023\/01\/InShot_20230102_171335935-1536x1536.jpg 1536w, https:\/\/jugulajm.net\/wp-content\/uploads\/2023\/01\/InShot_20230102_171335935-696x696.jpg 696w, https:\/\/jugulajm.net\/wp-content\/uploads\/2023\/01\/InShot_20230102_171335935-1068x1068.jpg 1068w, https:\/\/jugulajm.net\/wp-content\/uploads\/2023\/01\/InShot_20230102_171335935-420x420.jpg 420w, https:\/\/jugulajm.net\/wp-content\/uploads\/2023\/01\/InShot_20230102_171335935.jpg 1920w\" sizes=\"auto, (max-width: 1024px) 100vw, 1024px\" \/><\/p>\n","protected":false},"excerpt":{"rendered":"<p>Dua Lipa njihet p\u00ebr paraqitjet e saj t\u00eb guximshme, ndaj \u00ebsht\u00eb kujdesur q\u00eb n\u00eb Vitin e Ri t\u00eb &#8216;t\u00ebrheq\u00eb t\u00eb gjith\u00eb syt\u00eb&#8217; tek ajo. K\u00ebng\u00ebtarja e njohur shqiptare ka postuar disa foto nga paraqitja e saj n\u00eb Instagram, ku komentet e ndjek\u00ebsve kan\u00eb qen\u00eb t\u00eb shumt\u00eb. Megjithat\u00eb, t\u00eb gjith\u00eb syt\u00eb ran\u00eb, natyrsh\u00ebm n\u00eb pjes\u00ebn e [&hellip;]<\/p>\n","protected":false},"author":5,"featured_media":54621,"comment_status":"open","ping_status":"open","sticky":false,"template":"","format":"standard","meta":{"footnotes":""},"categories":[7665,6332],"tags":[21268],"class_list":{"0":"post-54615","1":"post","2":"type-post","3":"status-publish","4":"format-standard","5":"has-post-thumbnail","7":"category-art","8":"category-te-fundit","9":"tag-foto-dua-lipa-e-tepron-me-veshjen-per-vitin-e-ri"},"_links":{"self":[{"href":"https:\/\/jugulajm.net\/index.php?rest_route=\/wp\/v2\/posts\/54615","targetHints":{"allow":["GET"]}}],"collection":[{"href":"https:\/\/jugulajm.net\/index.php?rest_route=\/wp\/v2\/posts"}],"about":[{"href":"https:\/\/jugulajm.net\/index.php?rest_route=\/wp\/v2\/types\/post"}],"author":[{"embeddable":true,"href":"https:\/\/jugulajm.net\/index.php?rest_route=\/wp\/v2\/users\/5"}],"replies":[{"embeddable":true,"href":"https:\/\/jugulajm.net\/index.php?rest_route=%2Fwp%2Fv2%2Fcomments&post=54615"}],"version-history":[{"count":0,"href":"https:\/\/jugulajm.net\/index.php?rest_route=\/wp\/v2\/posts\/54615\/revisions"}],"wp:featuredmedia":[{"embeddable":true,"href":"https:\/\/jugulajm.net\/index.php?rest_route=\/wp\/v2\/media\/54621"}],"wp:attachment":[{"href":"https:\/\/jugulajm.net\/index.php?rest_route=%2Fwp%2Fv2%2Fmedia&parent=54615"}],"wp:term":[{"taxonomy":"category","embeddable":true,"href":"https:\/\/jugulajm.net\/index.php?rest_route=%2Fwp%2Fv2%2Fcategories&post=54615"},{"taxonomy":"post_tag","embeddable":true,"href":"https:\/\/jugulajm.net\/index.php?rest_route=%2Fwp%2Fv2%2Ftags&post=54615"}],"curies":[{"name":"wp","href":"https:\/\/api.w.org\/{rel}","templated":true}]}}