{"id":54611,"date":"2023-01-02T16:19:28","date_gmt":"2023-01-02T15:19:28","guid":{"rendered":"https:\/\/jugulajm.net\/?p=54611"},"modified":"2023-01-02T16:19:51","modified_gmt":"2023-01-02T15:19:51","slug":"foto-tentoi-te-digjte-gruan-ne-mes-te-larises-burg-per-shqiptarin","status":"publish","type":"post","link":"https:\/\/jugulajm.net\/?p=54611","title":{"rendered":"FOTO\/ Tentoi t\u00eb digjte gruan n\u00eb mes t\u00eb Laris\u00ebs, burg p\u00ebr shqiptarin"},"content":{"rendered":"<p>Nj\u00eb 50-vje\u00e7ar shqiptar, i cili k\u00ebrc\u00ebnoi ish-gruan e tij se do ta digjte me benzin\u00eb dhe m\u00eb pas tha se do t\u2019i vinte flak\u00ebn vetes \u00ebsht\u00eb l\u00ebn\u00eb n\u00eb burg nga autoritetet greke.<\/p>\n<p>Ngjarja ka ndodhur nat\u00ebn e nd\u00ebrrimit t\u00eb viteve n\u00eb sheshin qendror t\u00eb Laris\u00ebs, nd\u00ebrsa dit\u00ebn e djeshme ai k\u00ebrkoi falje.<\/p>\n<p>Si\u00e7 raportojn\u00eb mediat greke shqiptari ka mohuar akuz\u00ebn e vrasjes s\u00eb mbetur n\u00eb tentativ\u00eb, nd\u00ebrsa \u00ebsht\u00eb shprehur: \u201cNuk kam dashur t\u00eb d\u00ebmtoj ask\u00ebnd, madje as veten time\u201d.<ins><\/ins><ins><\/ins><\/p>\n<p>Sipas tij e gjith\u00eb ngjarja ka ndodhur p\u00ebr t\u2019i t\u00ebrhequr v\u00ebmendje ish-bashk\u00ebshortes, e cila e ka injoruar dhe nuk i p\u00ebrgjigjet k\u00ebrkes\u00ebs s\u00eb tij p\u00ebr t\u00eb takuar f\u00ebmij\u00ebn.<\/p>\n<p>Por ky pretendim nuk ishte bindes nga ana e hetuesve, t\u00eb cil\u00ebt dhan\u00eb urdh\u00ebr p\u00ebr arrestimin e tij.<ins><\/ins><\/p>\n<p>Si ka ndodhur ngjarja?<ins><\/ins><\/p>\n<p>Shqiptari, i cili punon n\u00eb nd\u00ebrtim n\u00eb shtetin helen n\u00eb hyrje t\u00eb pallatit priste ish-bashk\u00ebshorten e tij 41-vje\u00e7are. Nd\u00ebrkoh\u00eb q\u00eb ajo parkonte makin\u00ebn ku ishte edhe djali i tyre ai e ka sp\u00ebrkatur me benzine, duke e k\u00ebrc\u00ebnuar se do ti v\u00ebr\u00eb flak\u00ebn.<ins><\/ins><\/p>\n<p>Sipas policis\u00eb, ka qen\u00eb djali i tyre 17-vje\u00e7ar i cili ka reaguar me qet\u00ebsi dhe ka neutralizuar t\u00eb atin, nd\u00ebrsa n\u00ebna e tij \u00ebsht\u00eb larguar dhe m\u00eb pas ka telefonuar policin\u00eb.<ins><\/ins><\/p>\n<p>M\u00eb pas 50-vje\u00e7ari \u00ebsht\u00eb larguar me bi\u00e7iklet\u00eb dhe ka shkuar n\u00eb sheshin qendror ku ka k\u00ebrc\u00ebnuar se do t\u00eb digjte vet\u00ebn, por n\u00eb k\u00ebt\u00eb moment ka nd\u00ebrhyr\u00eb policia dhe e ka arrestuar.<\/p>\n<p><img loading=\"lazy\" loading=\"lazy\" decoding=\"async\" class=\"alignnone size-medium wp-image-54612\" src=\"https:\/\/jugulajm.net\/wp-content\/uploads\/2023\/01\/InShot_20230102_161534967-1024x614.jpg\" alt=\"\" width=\"1024\" height=\"614\" srcset=\"https:\/\/jugulajm.net\/wp-content\/uploads\/2023\/01\/InShot_20230102_161534967-1024x614.jpg 1024w, https:\/\/jugulajm.net\/wp-content\/uploads\/2023\/01\/InShot_20230102_161534967-768x461.jpg 768w, https:\/\/jugulajm.net\/wp-content\/uploads\/2023\/01\/InShot_20230102_161534967-1536x922.jpg 1536w, https:\/\/jugulajm.net\/wp-content\/uploads\/2023\/01\/InShot_20230102_161534967-696x418.jpg 696w, https:\/\/jugulajm.net\/wp-content\/uploads\/2023\/01\/InShot_20230102_161534967-1068x641.jpg 1068w, https:\/\/jugulajm.net\/wp-content\/uploads\/2023\/01\/InShot_20230102_161534967-700x420.jpg 700w, https:\/\/jugulajm.net\/wp-content\/uploads\/2023\/01\/InShot_20230102_161534967.jpg 1920w\" sizes=\"auto, (max-width: 1024px) 100vw, 1024px\" \/><\/p>\n","protected":false},"excerpt":{"rendered":"<p>Nj\u00eb 50-vje\u00e7ar shqiptar, i cili k\u00ebrc\u00ebnoi ish-gruan e tij se do ta digjte me benzin\u00eb dhe m\u00eb pas tha se do t\u2019i vinte flak\u00ebn vetes \u00ebsht\u00eb l\u00ebn\u00eb n\u00eb burg nga autoritetet greke. Ngjarja ka ndodhur nat\u00ebn e nd\u00ebrrimit t\u00eb viteve n\u00eb sheshin qendror t\u00eb Laris\u00ebs, nd\u00ebrsa dit\u00ebn e djeshme ai k\u00ebrkoi falje. Si\u00e7 raportojn\u00eb mediat [&hellip;]<\/p>\n","protected":false},"author":5,"featured_media":54612,"comment_status":"open","ping_status":"open","sticky":false,"template":"","format":"standard","meta":{"footnotes":""},"categories":[1,6332],"tags":[21267,21266],"class_list":{"0":"post-54611","1":"post","2":"type-post","3":"status-publish","4":"format-standard","5":"has-post-thumbnail","7":"category-aktualitet","8":"category-te-fundit","9":"tag-burg-per-shqiptarin","10":"tag-tentoi-te-digjte-gruan-ne-mes-te-larises"},"_links":{"self":[{"href":"https:\/\/jugulajm.net\/index.php?rest_route=\/wp\/v2\/posts\/54611","targetHints":{"allow":["GET"]}}],"collection":[{"href":"https:\/\/jugulajm.net\/index.php?rest_route=\/wp\/v2\/posts"}],"about":[{"href":"https:\/\/jugulajm.net\/index.php?rest_route=\/wp\/v2\/types\/post"}],"author":[{"embeddable":true,"href":"https:\/\/jugulajm.net\/index.php?rest_route=\/wp\/v2\/users\/5"}],"replies":[{"embeddable":true,"href":"https:\/\/jugulajm.net\/index.php?rest_route=%2Fwp%2Fv2%2Fcomments&post=54611"}],"version-history":[{"count":0,"href":"https:\/\/jugulajm.net\/index.php?rest_route=\/wp\/v2\/posts\/54611\/revisions"}],"wp:featuredmedia":[{"embeddable":true,"href":"https:\/\/jugulajm.net\/index.php?rest_route=\/wp\/v2\/media\/54612"}],"wp:attachment":[{"href":"https:\/\/jugulajm.net\/index.php?rest_route=%2Fwp%2Fv2%2Fmedia&parent=54611"}],"wp:term":[{"taxonomy":"category","embeddable":true,"href":"https:\/\/jugulajm.net\/index.php?rest_route=%2Fwp%2Fv2%2Fcategories&post=54611"},{"taxonomy":"post_tag","embeddable":true,"href":"https:\/\/jugulajm.net\/index.php?rest_route=%2Fwp%2Fv2%2Ftags&post=54611"}],"curies":[{"name":"wp","href":"https:\/\/api.w.org\/{rel}","templated":true}]}}