{"id":54545,"date":"2022-12-31T09:40:27","date_gmt":"2022-12-31T08:40:27","guid":{"rendered":"https:\/\/jugulajm.net\/?p=54545"},"modified":"2022-12-31T09:40:27","modified_gmt":"2022-12-31T08:40:27","slug":"ja-si-do-te-jete-moti-diten-e-fundit-te-vitit","status":"publish","type":"post","link":"https:\/\/jugulajm.net\/?p=54545","title":{"rendered":"Ja si do t\u00eb jet\u00eb moti dit\u00ebn e fundit t\u00eb vitit&#8230;"},"content":{"rendered":"<p>Viti 2022 do t\u00eb mbyllet me mot t\u00eb mir\u00eb dhe me diell pothuajse n\u00eb t\u00eb gjith\u00eb territorin shqiptar.<\/p>\n<p>Kjo e shtun\u00eb pritet t\u00eb sjell\u00eb kalime t\u00eb pakta vran\u00ebsirash n\u00eb zonat malore nd\u00ebrkoh\u00eb q\u00eb pas or\u00ebve t\u00eb mesdit\u00ebs, ato do t\u00eb p\u00ebrhapen edhe n\u00eb zonat lindore.<\/p>\n<p>Temperaturat e ajrit do t\u00eb p\u00ebsojn\u00eb nj\u00eb rritje n\u00eb m\u00ebngjes duke shfaqur nj\u00eb luhatje nga 3\u00b0C deri n\u00eb 17\u00b0C.<\/p>\n<p>Nd\u00ebrsa era do t\u00eb fryj\u00eb leht\u00eb dhe mesatare me shpejt\u00ebsi 25 km\/h nga drejtimi Lindor duke krijuar n\u00eb det dallg\u00ebzim t\u00eb ul\u00ebt.<\/p>\n","protected":false},"excerpt":{"rendered":"<p>Viti 2022 do t\u00eb mbyllet me mot t\u00eb mir\u00eb dhe me diell pothuajse n\u00eb t\u00eb gjith\u00eb territorin shqiptar. Kjo e shtun\u00eb pritet t\u00eb sjell\u00eb kalime t\u00eb pakta vran\u00ebsirash n\u00eb zonat malore nd\u00ebrkoh\u00eb q\u00eb pas or\u00ebve t\u00eb mesdit\u00ebs, ato do t\u00eb p\u00ebrhapen edhe n\u00eb zonat lindore. Temperaturat e ajrit do t\u00eb p\u00ebsojn\u00eb nj\u00eb rritje n\u00eb m\u00ebngjes [&hellip;]<\/p>\n","protected":false},"author":5,"featured_media":47843,"comment_status":"open","ping_status":"open","sticky":false,"template":"","format":"standard","meta":{"footnotes":""},"categories":[7650,6332],"tags":[21236],"class_list":{"0":"post-54545","1":"post","2":"type-post","3":"status-publish","4":"format-standard","5":"has-post-thumbnail","7":"category-moti","8":"category-te-fundit","9":"tag-ja-si-do-te-jete-moti-diten-e-fundit-te-vitit"},"_links":{"self":[{"href":"https:\/\/jugulajm.net\/index.php?rest_route=\/wp\/v2\/posts\/54545","targetHints":{"allow":["GET"]}}],"collection":[{"href":"https:\/\/jugulajm.net\/index.php?rest_route=\/wp\/v2\/posts"}],"about":[{"href":"https:\/\/jugulajm.net\/index.php?rest_route=\/wp\/v2\/types\/post"}],"author":[{"embeddable":true,"href":"https:\/\/jugulajm.net\/index.php?rest_route=\/wp\/v2\/users\/5"}],"replies":[{"embeddable":true,"href":"https:\/\/jugulajm.net\/index.php?rest_route=%2Fwp%2Fv2%2Fcomments&post=54545"}],"version-history":[{"count":0,"href":"https:\/\/jugulajm.net\/index.php?rest_route=\/wp\/v2\/posts\/54545\/revisions"}],"wp:featuredmedia":[{"embeddable":true,"href":"https:\/\/jugulajm.net\/index.php?rest_route=\/wp\/v2\/media\/47843"}],"wp:attachment":[{"href":"https:\/\/jugulajm.net\/index.php?rest_route=%2Fwp%2Fv2%2Fmedia&parent=54545"}],"wp:term":[{"taxonomy":"category","embeddable":true,"href":"https:\/\/jugulajm.net\/index.php?rest_route=%2Fwp%2Fv2%2Fcategories&post=54545"},{"taxonomy":"post_tag","embeddable":true,"href":"https:\/\/jugulajm.net\/index.php?rest_route=%2Fwp%2Fv2%2Ftags&post=54545"}],"curies":[{"name":"wp","href":"https:\/\/api.w.org\/{rel}","templated":true}]}}