{"id":54421,"date":"2022-12-27T14:34:26","date_gmt":"2022-12-27T13:34:26","guid":{"rendered":"https:\/\/jugulajm.net\/?p=54421"},"modified":"2022-12-27T14:34:26","modified_gmt":"2022-12-27T13:34:26","slug":"arrestohet-66-vjecari-plagosi-me-thike-kamarierin-ne-lokal","status":"publish","type":"post","link":"https:\/\/jugulajm.net\/?p=54421","title":{"rendered":"Arrestohet 66 vje\u00e7ari, plagosi me thik\u00eb kamarierin n\u00eb lokal"},"content":{"rendered":"<p>Nj\u00eb 66 vje\u00e7ar i cili ka goditur me thik\u00eb nj\u00eb 22 vje\u00e7ar n\u00eb nj\u00eb fast food, duke i shkaktuar plag\u00eb t\u00eb r\u00ebnda n\u00eb trup, \u00ebsht\u00eb arrestuar sot nga Policia e Lushnj\u00ebs.<\/p>\n<p>N\u00eb momentin e konfliktit, b\u00ebhet me dije se 66 vje\u00e7ari Agim Cili ka qen\u00eb n\u00eb gjendje t\u00eb dehur, nd\u00ebrsa i plagosuri \u00ebsht\u00eb d\u00ebrguar n\u00eb spital p\u00ebr t\u00eb marr\u00eb mjekimin e duhur.<\/p>\n<p>\u201cGoditi me thik\u00eb 22-vje\u00e7arin, gjat\u00eb nj\u00eb konflikti t\u00eb \u00e7astit, vihet n\u00eb pranga autori.<\/p>\n<p>Rreth or\u00ebs 12:40, n\u00eb ambientet e nj\u00eb fast food-i, n\u00eb lagjen \u201cXhevdet Nepravishta\u201d, dyshohet se gjat\u00eb nj\u00eb konflikti t\u00eb \u00e7astit, p\u00ebr motive t\u00eb dob\u00ebta, shtetasi A. C., 66 vje\u00e7, n\u00eb gjendje t\u00eb dehur, ka goditur me mjet prer\u00ebs (thik\u00eb), shtetasin L. M., 22 vje\u00e7, kamarier n\u00eb k\u00ebt\u00eb fast food.Menj\u00ebher\u00eb pas marrjes s\u00eb njoftimit, sh\u00ebrbimet e Policis\u00eb kan\u00eb kapur dhe shoq\u00ebruar shtetasin A. C., n\u00eb Komisariat.Shtetasi L. M. po merr mjekim n\u00eb spitalin e Lushnj\u00ebs.Po kryhen veprimet nga grupi hetimor, p\u00ebr zbardhjen e plot\u00eb t\u00eb rrethanave t\u00eb ngjarjes.\u201d, njofton Policia.<\/p>\n","protected":false},"excerpt":{"rendered":"<p>Nj\u00eb 66 vje\u00e7ar i cili ka goditur me thik\u00eb nj\u00eb 22 vje\u00e7ar n\u00eb nj\u00eb fast food, duke i shkaktuar plag\u00eb t\u00eb r\u00ebnda n\u00eb trup, \u00ebsht\u00eb arrestuar sot nga Policia e Lushnj\u00ebs. N\u00eb momentin e konfliktit, b\u00ebhet me dije se 66 vje\u00e7ari Agim Cili ka qen\u00eb n\u00eb gjendje t\u00eb dehur, nd\u00ebrsa i plagosuri \u00ebsht\u00eb d\u00ebrguar n\u00eb [&hellip;]<\/p>\n","protected":false},"author":5,"featured_media":51534,"comment_status":"open","ping_status":"open","sticky":false,"template":"","format":"standard","meta":{"footnotes":""},"categories":[1,6332],"tags":[19313,21190],"class_list":{"0":"post-54421","1":"post","2":"type-post","3":"status-publish","4":"format-standard","5":"has-post-thumbnail","7":"category-aktualitet","8":"category-te-fundit","9":"tag-arrestohet-66-vjecari","10":"tag-plagosi-me-thike-kamarierin-ne-lokal"},"_links":{"self":[{"href":"https:\/\/jugulajm.net\/index.php?rest_route=\/wp\/v2\/posts\/54421","targetHints":{"allow":["GET"]}}],"collection":[{"href":"https:\/\/jugulajm.net\/index.php?rest_route=\/wp\/v2\/posts"}],"about":[{"href":"https:\/\/jugulajm.net\/index.php?rest_route=\/wp\/v2\/types\/post"}],"author":[{"embeddable":true,"href":"https:\/\/jugulajm.net\/index.php?rest_route=\/wp\/v2\/users\/5"}],"replies":[{"embeddable":true,"href":"https:\/\/jugulajm.net\/index.php?rest_route=%2Fwp%2Fv2%2Fcomments&post=54421"}],"version-history":[{"count":0,"href":"https:\/\/jugulajm.net\/index.php?rest_route=\/wp\/v2\/posts\/54421\/revisions"}],"wp:featuredmedia":[{"embeddable":true,"href":"https:\/\/jugulajm.net\/index.php?rest_route=\/wp\/v2\/media\/51534"}],"wp:attachment":[{"href":"https:\/\/jugulajm.net\/index.php?rest_route=%2Fwp%2Fv2%2Fmedia&parent=54421"}],"wp:term":[{"taxonomy":"category","embeddable":true,"href":"https:\/\/jugulajm.net\/index.php?rest_route=%2Fwp%2Fv2%2Fcategories&post=54421"},{"taxonomy":"post_tag","embeddable":true,"href":"https:\/\/jugulajm.net\/index.php?rest_route=%2Fwp%2Fv2%2Ftags&post=54421"}],"curies":[{"name":"wp","href":"https:\/\/api.w.org\/{rel}","templated":true}]}}