{"id":54417,"date":"2022-12-27T13:38:03","date_gmt":"2022-12-27T12:38:03","guid":{"rendered":"https:\/\/jugulajm.net\/?p=54417"},"modified":"2022-12-27T13:38:03","modified_gmt":"2022-12-27T12:38:03","slug":"video-qytetaret-protestojne-para-ambasades-serbe-ne-tirane","status":"publish","type":"post","link":"https:\/\/jugulajm.net\/?p=54417","title":{"rendered":"VIDEO\/ Qytetar\u00ebt protestojn\u00eb para ambasad\u00ebs serbe n\u00eb Tiran\u00eb"},"content":{"rendered":"<p>N\u00eb nj\u00eb koh\u00eb kur b\u00ebhen 18 dit\u00eb nga vendosja e barrikadave n\u00eb veri t\u00eb Kosov\u00ebs, nj\u00eb grup qytetar\u00ebsh kan\u00eb protestuar sot n\u00eb Tiran\u00eb para Ambasad\u00ebs s\u00eb Serbis\u00eb, n\u00eb mb\u00ebshtetje t\u00eb Kosov\u00ebs.<\/p>\n<p>Me thirrjet &#8220;Hiqni duart nga Kosova,&#8221; &#8220;Mitrovica \u00ebsht\u00eb e jona&#8221;, aktivist\u00eb t\u00eb shoq\u00ebris\u00eb civil\u00eb protestuan para ambasad\u00ebs dhe k\u00ebrkuan q\u00eb qeveria shqiptare t\u00eb kusht\u00ebzoj\u00eb marr\u00ebdh\u00ebniet me S\u00ebrbin\u00eb.<\/p>\n<p>N\u00eb deklarat\u00ebn e tyre, pjesmarr\u00ebsit k\u00ebrkuan nga presidenti q\u00eb t\u00eb therras\u00eb K\u00ebshillin e Siguris\u00eb Komb\u00ebtare.<\/p>\n<p>Aktivist\u00eb t\u00eb shoq\u00ebris\u00eb civile, deklaruan se shqiptar\u00ebt duhet t\u00eb shfaqen si komb dhe jo si copa t\u00eb kombit shqiptar. Tubuesit k\u00ebrkuan nga diplomacia shqiptare t\u00eb deklarohen se jan\u00eb kund\u00ebr prekjes s\u00eb qeveris\u00eb s\u00eb Kosov\u00ebs.<\/p>\n<div style=\"width: 640px;\" class=\"wp-video\"><!--[if lt IE 9]><script>document.createElement('video');<\/script><![endif]-->\n<video class=\"wp-video-shortcode\" id=\"video-54417-1\" width=\"640\" height=\"352\" preload=\"metadata\" controls=\"controls\"><source type=\"video\/mp4\" src=\"https:\/\/jugulajm.net\/wp-content\/uploads\/2022\/12\/10000000_5854889211293670_7085971388536834387_n-1.mp4?_=1\" \/><a href=\"https:\/\/jugulajm.net\/wp-content\/uploads\/2022\/12\/10000000_5854889211293670_7085971388536834387_n-1.mp4\">https:\/\/jugulajm.net\/wp-content\/uploads\/2022\/12\/10000000_5854889211293670_7085971388536834387_n-1.mp4<\/a><\/video><\/div>\n<p>&nbsp;<\/p>\n","protected":false},"excerpt":{"rendered":"<p>N\u00eb nj\u00eb koh\u00eb kur b\u00ebhen 18 dit\u00eb nga vendosja e barrikadave n\u00eb veri t\u00eb Kosov\u00ebs, nj\u00eb grup qytetar\u00ebsh kan\u00eb protestuar sot n\u00eb Tiran\u00eb para Ambasad\u00ebs s\u00eb Serbis\u00eb, n\u00eb mb\u00ebshtetje t\u00eb Kosov\u00ebs. Me thirrjet &#8220;Hiqni duart nga Kosova,&#8221; &#8220;Mitrovica \u00ebsht\u00eb e jona&#8221;, aktivist\u00eb t\u00eb shoq\u00ebris\u00eb civil\u00eb protestuan para ambasad\u00ebs dhe k\u00ebrkuan q\u00eb qeveria shqiptare t\u00eb kusht\u00ebzoj\u00eb [&hellip;]<\/p>\n","protected":false},"author":5,"featured_media":54419,"comment_status":"open","ping_status":"open","sticky":false,"template":"","format":"standard","meta":{"footnotes":""},"categories":[1,6332],"tags":[21189],"class_list":{"0":"post-54417","1":"post","2":"type-post","3":"status-publish","4":"format-standard","5":"has-post-thumbnail","7":"category-aktualitet","8":"category-te-fundit","9":"tag-video-qytetaret-protestojne-para-ambasades-serbe-ne-tirane"},"_links":{"self":[{"href":"https:\/\/jugulajm.net\/index.php?rest_route=\/wp\/v2\/posts\/54417","targetHints":{"allow":["GET"]}}],"collection":[{"href":"https:\/\/jugulajm.net\/index.php?rest_route=\/wp\/v2\/posts"}],"about":[{"href":"https:\/\/jugulajm.net\/index.php?rest_route=\/wp\/v2\/types\/post"}],"author":[{"embeddable":true,"href":"https:\/\/jugulajm.net\/index.php?rest_route=\/wp\/v2\/users\/5"}],"replies":[{"embeddable":true,"href":"https:\/\/jugulajm.net\/index.php?rest_route=%2Fwp%2Fv2%2Fcomments&post=54417"}],"version-history":[{"count":0,"href":"https:\/\/jugulajm.net\/index.php?rest_route=\/wp\/v2\/posts\/54417\/revisions"}],"wp:featuredmedia":[{"embeddable":true,"href":"https:\/\/jugulajm.net\/index.php?rest_route=\/wp\/v2\/media\/54419"}],"wp:attachment":[{"href":"https:\/\/jugulajm.net\/index.php?rest_route=%2Fwp%2Fv2%2Fmedia&parent=54417"}],"wp:term":[{"taxonomy":"category","embeddable":true,"href":"https:\/\/jugulajm.net\/index.php?rest_route=%2Fwp%2Fv2%2Fcategories&post=54417"},{"taxonomy":"post_tag","embeddable":true,"href":"https:\/\/jugulajm.net\/index.php?rest_route=%2Fwp%2Fv2%2Ftags&post=54417"}],"curies":[{"name":"wp","href":"https:\/\/api.w.org\/{rel}","templated":true}]}}