{"id":54399,"date":"2022-12-26T19:34:20","date_gmt":"2022-12-26T18:34:20","guid":{"rendered":"https:\/\/jugulajm.net\/?p=54399"},"modified":"2022-12-26T19:34:20","modified_gmt":"2022-12-26T18:34:20","slug":"250-mije-vende-te-lira-per-zanate-te-ndryshme-gjermania-kerkon-punetore","status":"publish","type":"post","link":"https:\/\/jugulajm.net\/?p=54399","title":{"rendered":"250 mij\u00eb vende t\u00eb lira p\u00ebr zanate t\u00eb ndryshme, Gjermania k\u00ebrkon pun\u00ebtor\u00eb"},"content":{"rendered":"<p>Gjermania k\u00ebrkon 250 mij\u00eb punonj\u00ebs me zanate t\u00eb ndryshme. Sekretari i P\u00ebrgjithsh\u00ebm i Shoqat\u00ebs Qendrore t\u00eb Zanateve Gjermane, Holger Sch\u00ebannecke b\u00ebr\u00eb t\u00eb ditur p\u00ebr \u201cDeutsche \u00cbelle\u201d se aktualisht n\u00eb gjermani jan\u00eb v\u00ebrejtur mungesa t\u00eb theksuara n\u00eb deg\u00ebn e zanat\u00e7injve.<\/p>\n<p><em>Ne kemi nevoje me urgjenc\u00eb p\u00ebr fuqi t\u00eb kualifikuar. Dhe k\u00ebt\u00eb duhet ta b\u00ebjm\u00eb p\u00ebrmes kualifikimit t\u00eb m\u00ebtejsh\u00ebm n\u00eb vend dhe p\u00ebrmes prurjes s\u00eb fuqis\u00eb pun\u00ebtore nga jasht\u00eb\u201d<\/em>, \u00ebsht\u00eb shprehur zyrtari i Berlinit.<\/p>\n<p>Kritikat e krer\u00ebve t\u00eb ekonomis\u00eb gjermane lidhen me procedurat administrative t\u00eb komplikuara dhe q\u00ebndrimin e autoriteteve t\u00eb vizave.<\/p>\n<p>Presidenti i Dhom\u00ebs Gjermane t\u00eb Industris\u00eb dhe Tregtis\u00eb, Peter Adrian ka k\u00ebrkuar lehtesimin e rregullave t\u00eb migrimit p\u00ebr shkak t\u00eb munges\u00ebs s\u00eb ndjeshme t\u00eb fuqis\u00eb pun\u00ebtore.<\/p>\n<p><em>\u201cE nevojshme \u00ebsht\u00eb nj\u00eb procedur\u00eb e pakomplikuar e konsullatave dhe p\u00ebrfaq\u00ebsive jasht\u00eb. Kjo d\u00ebshton n\u00eb moment thjesht nga strukturat e administrat\u00ebs\u201d<\/em>, shprehet ai.<\/p>\n<p>Adrian po ashtu ka r\u00ebefy\u00ebr edhe nj\u00eb rast se si p\u00ebr sip\u00ebrmarrjen e tij me ndihm\u00ebn e Dhom\u00ebs s\u00eb Tregtis\u00eb s\u00eb Jashtme mori nj\u00eb pun\u00ebtor nga Maroku.<\/p>\n<div id=\"page\" class=\"site\">\n<div id=\"single-wrapper\" class=\"wrapper\">\n<div id=\"content\" class=\"container\" tabindex=\"-1\">\n<div class=\"row\">\n<div id=\"primary\" class=\"col-lg-9 col-sm-12 col-md-12 content-area pr-lg-4\"><main id=\"main\" class=\"site-main\"><\/p>\n<article id=\"post-1471619\" class=\"post-1471619 post type-post status-publish format-standard has-post-thumbnail hentry category-kryesore category-instant category-aktualitet category-video tag-emigrante tag-gjermania tag-punetore tag-zanate\">\n<div class=\"entry-content mt-sm-5 mt-3 px-sm-5 px-3\">\n<div class=\"row\">\n<div class=\"col\">\n<p><em>Kjo zgjati 10 muaj. Ka raste ku procedurat zgjasin dy ose tre vjet. Kjo nuk lidhet vet\u00ebm me procedurat q\u00eb nuk jan\u00eb m\u00eb t\u00eb koh\u00ebs, por edhe n\u00eb q\u00ebndrimin e autoriteteve n\u00eb vend\u201d,<\/em>\u00a0tha nd\u00ebr t\u00eb tjera Adrian.<\/p>\n<p>Gjermania po p\u00ebrballet n\u00eb p\u00ebrgjith\u00ebsi me munges\u00eb t\u00eb fuqis\u00eb pun\u00ebtore p\u00ebr shkak t\u00eb plakjes s\u00eb popullsis\u00eb. Aktualisht emigrant\u00ebt p\u00ebrmbajn\u00eb nj\u00eb p\u00ebrqindje shum\u00eb t\u00eb lart\u00eb t\u00eb punonj\u00ebsve n\u00eb sektore t\u00eb ndryshme, m\u00ebs t\u00eb cil\u00ebve edhe shqiptar\u00eb.<\/p>\n<\/div>\n<\/div>\n<\/div>\n<\/article>\n<p><\/main><\/div>\n<\/div>\n<\/div>\n<\/div>\n<\/div>\n","protected":false},"excerpt":{"rendered":"<p>Gjermania k\u00ebrkon 250 mij\u00eb punonj\u00ebs me zanate t\u00eb ndryshme. Sekretari i P\u00ebrgjithsh\u00ebm i Shoqat\u00ebs Qendrore t\u00eb Zanateve Gjermane, Holger Sch\u00ebannecke b\u00ebr\u00eb t\u00eb ditur p\u00ebr \u201cDeutsche \u00cbelle\u201d se aktualisht n\u00eb gjermani jan\u00eb v\u00ebrejtur mungesa t\u00eb theksuara n\u00eb deg\u00ebn e zanat\u00e7injve. Ne kemi nevoje me urgjenc\u00eb p\u00ebr fuqi t\u00eb kualifikuar. Dhe k\u00ebt\u00eb duhet ta b\u00ebjm\u00eb p\u00ebrmes kualifikimit [&hellip;]<\/p>\n","protected":false},"author":5,"featured_media":54400,"comment_status":"open","ping_status":"open","sticky":false,"template":"","format":"standard","meta":{"footnotes":""},"categories":[7664,6327,6332],"tags":[21180,21181],"class_list":{"0":"post-54399","1":"post","2":"type-post","3":"status-publish","4":"format-standard","5":"has-post-thumbnail","7":"category-bota","8":"category-ekonomi","9":"category-te-fundit","10":"tag-250-mije-vende-te-lira-per-zanate-te-ndryshme","11":"tag-gjermania-kerkon-punetore"},"_links":{"self":[{"href":"https:\/\/jugulajm.net\/index.php?rest_route=\/wp\/v2\/posts\/54399","targetHints":{"allow":["GET"]}}],"collection":[{"href":"https:\/\/jugulajm.net\/index.php?rest_route=\/wp\/v2\/posts"}],"about":[{"href":"https:\/\/jugulajm.net\/index.php?rest_route=\/wp\/v2\/types\/post"}],"author":[{"embeddable":true,"href":"https:\/\/jugulajm.net\/index.php?rest_route=\/wp\/v2\/users\/5"}],"replies":[{"embeddable":true,"href":"https:\/\/jugulajm.net\/index.php?rest_route=%2Fwp%2Fv2%2Fcomments&post=54399"}],"version-history":[{"count":0,"href":"https:\/\/jugulajm.net\/index.php?rest_route=\/wp\/v2\/posts\/54399\/revisions"}],"wp:featuredmedia":[{"embeddable":true,"href":"https:\/\/jugulajm.net\/index.php?rest_route=\/wp\/v2\/media\/54400"}],"wp:attachment":[{"href":"https:\/\/jugulajm.net\/index.php?rest_route=%2Fwp%2Fv2%2Fmedia&parent=54399"}],"wp:term":[{"taxonomy":"category","embeddable":true,"href":"https:\/\/jugulajm.net\/index.php?rest_route=%2Fwp%2Fv2%2Fcategories&post=54399"},{"taxonomy":"post_tag","embeddable":true,"href":"https:\/\/jugulajm.net\/index.php?rest_route=%2Fwp%2Fv2%2Ftags&post=54399"}],"curies":[{"name":"wp","href":"https:\/\/api.w.org\/{rel}","templated":true}]}}