{"id":54397,"date":"2022-12-26T17:41:24","date_gmt":"2022-12-26T16:41:24","guid":{"rendered":"https:\/\/jugulajm.net\/?p=54397"},"modified":"2022-12-26T17:41:24","modified_gmt":"2022-12-26T16:41:24","slug":"vrasja-e-edmond-papes-deshmia-e-vellait-dhe-e-kunates-ja-cfare-thane","status":"publish","type":"post","link":"https:\/\/jugulajm.net\/?p=54397","title":{"rendered":"Vrasja e Edmond Pap\u00ebs\/ D\u00ebshmia e v\u00ebllait dhe e kunat\u00ebs, ja \u00e7far\u00eb than\u00eb&#8230;"},"content":{"rendered":"<p style=\"text-align: left;\">Vrasja e Edmond Pap\u00ebs nj\u00eb jav\u00eb m\u00eb par\u00eb n\u00eb Tiran\u00eb vijon t\u00eb mbetet pa autor, e nd\u00ebrsa d\u00ebshmit\u00eb e personave q\u00eb kan\u00eb qen\u00eb prezent\u00eb n\u00eb momentin e ekzekutimit nuk kan\u00eb ndihmuar grupin e hetuesve p\u00ebr t\u00eb shkuar drejt autor\u00ebve. Report Tv me gazetarin Sokol Dema ka zbardhur d\u00ebshmin\u00eb e pronarit t\u00eb lokalit ku u vra Edmond Papa, i cili tregoi se pa nj\u00eb person me kapu\u00e7 q\u00eb kishte hyr\u00eb dhe m\u00eb pas pa viktim\u00ebn. Persona i pari q\u00eb kishte kontaktuar kishte qen\u00eb kunata e Edmond Pap\u00ebs, e cila e kishte sht\u00ebpin\u00eb af\u00ebr me lokalin.<\/p>\n<p>\u201cKam qen\u00eb brenda n\u00eb lokal dhe isha n\u00eb banak. Kam d\u00ebgjuar zhurm\u00eb dhe mendova ishin fishekzjarre. Pash\u00eb nj\u00eb person me kapu\u00e7 n\u00eb kok\u00eb dhe pastaj dola nga banaku p\u00ebr te dera dhe n\u00eb hyrje t\u00eb lokalit kam par\u00eb viktim\u00ebn, i cili me tha q\u00eb ishte plagosur dhe t\u00eb lajm\u00ebroja ambulanc\u00ebn. Ishte ora 16:25 dhe telefonova numrin 129 dhe m\u00eb ka dal\u00eb sekretaria, i rash\u00eb dy her\u00eb. Nuk po m\u00eb p\u00ebrgjigjeshin dhe shkova te banesa e v\u00ebllait t\u00eb viktim\u00ebs dhe aty doli kunata e viktim\u00ebs dhe i kam th\u00ebn\u00eb asaj q\u00eb \u00ebsht\u00eb plagosur kunati. U ktheva n\u00eb lokal dhe hoqa xhupin dhe ia vendosa te koka viktim\u00ebs dhe i vendosa nj\u00eb peshqir te plag\u00ebt. Kunata e tij mori makin\u00ebn p\u00ebr ta transportuar n\u00eb spital pasi ambulanca nuk kishte ardhur akoma, m\u00eb pas erdhi policia dhe pastaj ambulanca q\u00eb e mori dhe \u00e7oi n\u00eb spital\u201d, ka th\u00ebn\u00eb pronari i lokalit me inicialet, V.SH.<\/p>\n<p>Kunata ka treguar se ka d\u00ebgjuar krismat, por kishte menduar se kishin qen\u00eb fishekzjarre. P\u00ebrpara hetuesve, kunata ka th\u00ebn\u00eb se pasi kishte telefonuar ambulanc\u00ebn, nuk e kishte pritur deri sa ajo t\u00eb vinte, por kishte marr\u00eb makin\u00ebn e vet\u00eb Edmond Pap\u00ebs dhe ishte nisur drejt spitalit.<\/p>\n<p style=\"text-align: left;\">\u201cN\u00eb or\u00ebn 10:00 n\u00eb sht\u00ebpi kan\u00eb ardhur vjehrra s\u00eb bashku me kunatin. Ata kan\u00eb ardhur n\u00eb Tiran\u00eb me automjetin e kunatit tim, pasi do t\u00eb kryenin disa vizita mjek\u00ebsore t\u00eb vjehrr\u00ebs. Rreth or\u00ebs 16:15, kunati m\u00eb k\u00ebrkoi q\u00eb t&#8217;i jepja p\u00ebr t\u00eb ngr\u00ebn\u00eb vjehrr\u00ebs, para se ta \u00e7onte p\u00ebr vizit\u00eb mjek\u00ebsore. Kur isha duke i dh\u00ebn\u00eb p\u00ebr t\u00eb ngr\u00ebn\u00eb vjehrr\u00ebs dhe n\u00eb ato momente d\u00ebgjova t\u00eb sht\u00ebna. Kujtova se mos ishin fishekzjarr\u00eb, por m\u00eb pas ra zilja e port\u00ebs dhe ishte pronari i lokalit, ai m\u00eb tha t\u00eb lajm\u00ebroja ambulanc\u00ebn pasi ishte plagosur kunati im n\u00eb lokalin e tij. Telefonova ambulanc\u00ebn dhe pastaj mora automjetin e kunatit tim p\u00ebr ta d\u00ebrguar n\u00eb spital, por m\u00eb pas erdhi policia dhe ambulanca q\u00eb e mori\u201d, ka th\u00ebn\u00eb kunata.<\/p>\n<p>As d\u00ebshmia e v\u00ebllai t\u00eb viktim\u00ebs, nuk ka qen\u00eb aspak e vlefshme. Ai \u00ebsht\u00eb shprehur se pak para se t\u00eb vritej, nuk kishte par\u00eb asgj\u00eb t\u00eb dyshimt\u00eb te i v\u00ebllai, duke theksuar se nuk i trembej nj\u00eb atentati, prandaj as nuk ruhej.<\/p>\n<p>&#8220;Nuk kam par\u00eb asnj\u00eb shqet\u00ebsim t\u00eb v\u00ebllai dhe ai nuk ruhej, nuk ka pasur konflikte\u201d, tha th\u00ebn\u00eb v\u00ebllai i Edmond Pap\u00ebs.<\/p>\n<p>49-vje\u00e7ari Edmond Papa u ekzekutua m\u00eb 16 dhjetor rreth or\u00ebs 16:30 n\u00eb zon\u00ebn e Selit\u00ebs n\u00eb Tiran\u00eb, teksa ndodhej n\u00eb nj\u00eb lokal aty pran\u00eb, n\u00eb rrug\u00ebn \u201cFadil Bodinaku\u201d.\u00a049-vje\u00e7ari u d\u00ebrgua n\u00eb spital, por nuk u mbijetoi plag\u00ebve t\u00eb marra.<\/p>\n<p>Autori ka q\u00eblluar 9 her\u00eb me pistolet\u00eb dhe \u00ebsht\u00eb larguar menj\u00ebher\u00eb nga vendi i ngjarjes n\u00eb k\u00ebmb\u00eb.\u00a0Dyshohet se ai \u00ebsht\u00eb ndihmuar nga persona t\u00eb tjer\u00eb q\u00eb t\u00eb largohet, por ende nuk ka t\u00eb dyshuar. Edmond Papa ishte i njohur p\u00ebr Autoritetet e Greqis\u00eb.\u00a0Ai ishte d\u00ebnuar p\u00ebr trafik droge dhe m\u00eb par\u00eb kishte punuar n\u00eb Britanin\u00eb e Madhe.\u00a0Si\u00e7 ka rr\u00ebfyer edhe kunata, ai kishte shkuar p\u00ebr pak koh\u00eb n\u00eb Shqip\u00ebri ku do t\u00eb shkonte p\u00ebr t\u00eb vizituar n\u00ebn\u00ebn e tij.<\/p>\n<p>P\u00ebr vrasjen jan\u00eb dy pista hetimi, konfliktet e mundshme n\u00eb Greqi si edhe disa mosmarr\u00ebveshje p\u00ebr pronat e paluajtshme n\u00eb Shqip\u00ebri. Ka dyshime se urdhri p\u00ebr vrasjen e tij \u00ebsht\u00eb dh\u00ebn\u00eb nga burgjet e Greqis\u00eb.<\/p>\n","protected":false},"excerpt":{"rendered":"<p>Vrasja e Edmond Pap\u00ebs nj\u00eb jav\u00eb m\u00eb par\u00eb n\u00eb Tiran\u00eb vijon t\u00eb mbetet pa autor, e nd\u00ebrsa d\u00ebshmit\u00eb e personave q\u00eb kan\u00eb qen\u00eb prezent\u00eb n\u00eb momentin e ekzekutimit nuk kan\u00eb ndihmuar grupin e hetuesve p\u00ebr t\u00eb shkuar drejt autor\u00ebve. Report Tv me gazetarin Sokol Dema ka zbardhur d\u00ebshmin\u00eb e pronarit t\u00eb lokalit ku u vra [&hellip;]<\/p>\n","protected":false},"author":5,"featured_media":54040,"comment_status":"open","ping_status":"open","sticky":false,"template":"","format":"standard","meta":{"footnotes":""},"categories":[1,6332],"tags":[20101,21179],"class_list":{"0":"post-54397","1":"post","2":"type-post","3":"status-publish","4":"format-standard","5":"has-post-thumbnail","7":"category-aktualitet","8":"category-te-fundit","9":"tag-ja-cfare-thane","10":"tag-vrasja-e-edmond-papes-deshmia-e-vellait-dhe-e-kunates"},"_links":{"self":[{"href":"https:\/\/jugulajm.net\/index.php?rest_route=\/wp\/v2\/posts\/54397","targetHints":{"allow":["GET"]}}],"collection":[{"href":"https:\/\/jugulajm.net\/index.php?rest_route=\/wp\/v2\/posts"}],"about":[{"href":"https:\/\/jugulajm.net\/index.php?rest_route=\/wp\/v2\/types\/post"}],"author":[{"embeddable":true,"href":"https:\/\/jugulajm.net\/index.php?rest_route=\/wp\/v2\/users\/5"}],"replies":[{"embeddable":true,"href":"https:\/\/jugulajm.net\/index.php?rest_route=%2Fwp%2Fv2%2Fcomments&post=54397"}],"version-history":[{"count":0,"href":"https:\/\/jugulajm.net\/index.php?rest_route=\/wp\/v2\/posts\/54397\/revisions"}],"wp:featuredmedia":[{"embeddable":true,"href":"https:\/\/jugulajm.net\/index.php?rest_route=\/wp\/v2\/media\/54040"}],"wp:attachment":[{"href":"https:\/\/jugulajm.net\/index.php?rest_route=%2Fwp%2Fv2%2Fmedia&parent=54397"}],"wp:term":[{"taxonomy":"category","embeddable":true,"href":"https:\/\/jugulajm.net\/index.php?rest_route=%2Fwp%2Fv2%2Fcategories&post=54397"},{"taxonomy":"post_tag","embeddable":true,"href":"https:\/\/jugulajm.net\/index.php?rest_route=%2Fwp%2Fv2%2Ftags&post=54397"}],"curies":[{"name":"wp","href":"https:\/\/api.w.org\/{rel}","templated":true}]}}