{"id":54285,"date":"2022-12-23T13:37:14","date_gmt":"2022-12-23T12:37:14","guid":{"rendered":"https:\/\/jugulajm.net\/?p=54285"},"modified":"2022-12-23T13:37:47","modified_gmt":"2022-12-23T12:37:47","slug":"foto-shkaterrohet-memoriali-i-midhat-frasherit","status":"publish","type":"post","link":"https:\/\/jugulajm.net\/?p=54285","title":{"rendered":"FOTO\/ Shkat\u00ebrrohet memoriali i Mid\u2019hat Frash\u00ebrit"},"content":{"rendered":"<p>Memoriali dhe varri i Mid\u2019hat Frash\u00ebrit, i vendosur pran\u00eb Liqenit Artificial n\u00eb Tiran\u00eb, \u00ebsht\u00eb shkat\u00ebrruar.<\/p>\n<p>Busti i tij \u00ebsht\u00eb hedhur mbi pllakat e varrit duke shkaktuar d\u00ebme t\u00eb konsiderueshme edhe pse Mid\u2019hat Frash\u00ebri njihet si nj\u00eb prej intelektual\u00ebve t\u00eb m\u00ebdhenj t\u00eb historis\u00eb s\u00eb Shqip\u00ebris\u00eb.<\/p>\n<p><img decoding=\"async\" src=\"https:\/\/abcnews.al\/wp-content\/uploads\/2022\/12\/1671797693_640005001671791631xv2761792.jpg\" \/><\/p>\n<p><img decoding=\"async\" src=\"https:\/\/abcnews.al\/wp-content\/uploads\/2022\/12\/1671797693_640005001671791631xv3742974.jpg\" \/>Memoriali i Mid&#8217;hat Frash\u00ebrit u vendos krah v\u00ebllez\u00ebrve Frash\u00ebri tek Kodrat e Liqenit, n\u00eb nj\u00eb ceremoni t\u00eb ve\u00e7ant\u00eb m\u00eb 12 tetor t\u00eb vitit 2008.<\/p>\n<p>Mid\u2019hat Frash\u00ebri ka qen\u00eb diplomat, shkrimtar dhe politikan shqiptar, nj\u00eb nga veprimtar\u00ebt e Rilindjes Komb\u00ebtare dhe pjes\u00ebmarr\u00ebs dhe kryetar i Kongresit t\u00eb Manastirit.<\/p>\n","protected":false},"excerpt":{"rendered":"<p>Memoriali dhe varri i Mid\u2019hat Frash\u00ebrit, i vendosur pran\u00eb Liqenit Artificial n\u00eb Tiran\u00eb, \u00ebsht\u00eb shkat\u00ebrruar. Busti i tij \u00ebsht\u00eb hedhur mbi pllakat e varrit duke shkaktuar d\u00ebme t\u00eb konsiderueshme edhe pse Mid\u2019hat Frash\u00ebri njihet si nj\u00eb prej intelektual\u00ebve t\u00eb m\u00ebdhenj t\u00eb historis\u00eb s\u00eb Shqip\u00ebris\u00eb. Memoriali i Mid&#8217;hat Frash\u00ebrit u vendos krah v\u00ebllez\u00ebrve Frash\u00ebri tek Kodrat [&hellip;]<\/p>\n","protected":false},"author":5,"featured_media":54286,"comment_status":"open","ping_status":"open","sticky":false,"template":"","format":"standard","meta":{"footnotes":""},"categories":[1,6332],"tags":[21129],"class_list":{"0":"post-54285","1":"post","2":"type-post","3":"status-publish","4":"format-standard","5":"has-post-thumbnail","7":"category-aktualitet","8":"category-te-fundit","9":"tag-foto-shkaterrohet-memoriali-i-midhat-frasherit"},"_links":{"self":[{"href":"https:\/\/jugulajm.net\/index.php?rest_route=\/wp\/v2\/posts\/54285","targetHints":{"allow":["GET"]}}],"collection":[{"href":"https:\/\/jugulajm.net\/index.php?rest_route=\/wp\/v2\/posts"}],"about":[{"href":"https:\/\/jugulajm.net\/index.php?rest_route=\/wp\/v2\/types\/post"}],"author":[{"embeddable":true,"href":"https:\/\/jugulajm.net\/index.php?rest_route=\/wp\/v2\/users\/5"}],"replies":[{"embeddable":true,"href":"https:\/\/jugulajm.net\/index.php?rest_route=%2Fwp%2Fv2%2Fcomments&post=54285"}],"version-history":[{"count":0,"href":"https:\/\/jugulajm.net\/index.php?rest_route=\/wp\/v2\/posts\/54285\/revisions"}],"wp:featuredmedia":[{"embeddable":true,"href":"https:\/\/jugulajm.net\/index.php?rest_route=\/wp\/v2\/media\/54286"}],"wp:attachment":[{"href":"https:\/\/jugulajm.net\/index.php?rest_route=%2Fwp%2Fv2%2Fmedia&parent=54285"}],"wp:term":[{"taxonomy":"category","embeddable":true,"href":"https:\/\/jugulajm.net\/index.php?rest_route=%2Fwp%2Fv2%2Fcategories&post=54285"},{"taxonomy":"post_tag","embeddable":true,"href":"https:\/\/jugulajm.net\/index.php?rest_route=%2Fwp%2Fv2%2Ftags&post=54285"}],"curies":[{"name":"wp","href":"https:\/\/api.w.org\/{rel}","templated":true}]}}