{"id":54253,"date":"2022-12-22T12:52:58","date_gmt":"2022-12-22T11:52:58","guid":{"rendered":"https:\/\/jugulajm.net\/?p=54253"},"modified":"2022-12-22T13:06:42","modified_gmt":"2022-12-22T12:06:42","slug":"mberrin-me-helikopter-ne-dervican-kryeministri-grek-pritet-nga-rama","status":"publish","type":"post","link":"https:\/\/jugulajm.net\/?p=54253","title":{"rendered":"FOTO\/ Mb\u00ebrrin me helikopter n\u00eb Dervi\u00e7an kryeministri grek, pritet nga Rama"},"content":{"rendered":"<p>Kryeministri grek, Kyriakos Mitsotakis ka mb\u00ebrritur n\u00eb Dervi\u00e7an, pas takimeve q\u00eb zhvilloi n\u00eb Himar\u00eb. Ashtu si n\u00eb Himar\u00eb, edhe n\u00eb Dervi\u00e7an kreu i qeveris\u00eb greke mb\u00ebrriti me helikopter.<\/p>\n<p>Mitsotakis \u00ebsht\u00eb pritur nga kryeministri Edi Rama, i cili shoq\u00ebrohet nga ministrja e Bujq\u00ebsis\u00eb dhe Zhvillimit Rural, Frida Krica.<\/p>\n<div class=\"td-a-ad id_inline_ad0 id_ad_content-horiz-center\">\n<div class=\"mobile-hide\" align=\"center\">\n<p style=\"text-align: left;\">Interesi i banor\u00ebve t\u00eb zon\u00ebs ishte i madh p\u00ebr vizit\u00ebn e Mitsotakis, ku dhjet\u00ebra qytetar\u00eb kishin dal\u00eb p\u00ebr ta pritur. E gjith\u00eb zona \u00ebsht\u00eb e mbuluar me flamuj t\u00eb Greqis\u00eb.<\/p>\n<\/div>\n<\/div>\n<p>Gjat\u00eb fjal\u00ebs s\u00eb tij n\u00eb Himar\u00eb, pasi vizitoi shkoll\u00ebn \u201cOmiros\u201d, Mitsotakis u shpreh se minoritar\u00ebt q\u00eb jetojn\u00eb n\u00eb Shqip\u00ebri do t\u00eb ken\u00eb mb\u00ebshtetjen e shtetit grek.<\/p>\n<p>Ai theksoi se do t\u00eb jap\u00eb gjith\u00eb mb\u00ebshtetjen dhe p\u00ebr brezat q\u00eb do t\u00eb vijn\u00eb n\u00eb m\u00ebnyr\u00eb q\u00eb t\u00eb m\u00ebsojn\u00eb gjuh\u00ebn dhe kultur\u00ebn greke.<\/p>\n<p><img decoding=\"async\" src=\"https:\/\/scontent.ftia14-1.fna.fbcdn.net\/v\/t1.15752-9\/321156845_1346272852791107_3478054604542803452_n.jpg?_nc_cat=110&amp;ccb=1-7&amp;_nc_sid=ae9488&amp;_nc_ohc=zp8Nelfd2rMAX9rPWrr&amp;_nc_ht=scontent.ftia14-1.fna&amp;oh=03_AdSLY7pt8p0VLejjHXFAN12Woznl2tQgtqn0SYfoBTyj3w&amp;oe=63CBD276\" alt=\"Nuk ka asnj\u00eb p\u00ebrshkrim t\u00eb disponuesh\u00ebm\" \/><\/p>\n","protected":false},"excerpt":{"rendered":"<p>Kryeministri grek, Kyriakos Mitsotakis ka mb\u00ebrritur n\u00eb Dervi\u00e7an, pas takimeve q\u00eb zhvilloi n\u00eb Himar\u00eb. Ashtu si n\u00eb Himar\u00eb, edhe n\u00eb Dervi\u00e7an kreu i qeveris\u00eb greke mb\u00ebrriti me helikopter. Mitsotakis \u00ebsht\u00eb pritur nga kryeministri Edi Rama, i cili shoq\u00ebrohet nga ministrja e Bujq\u00ebsis\u00eb dhe Zhvillimit Rural, Frida Krica. Interesi i banor\u00ebve t\u00eb zon\u00ebs ishte i madh [&hellip;]<\/p>\n","protected":false},"author":5,"featured_media":54254,"comment_status":"open","ping_status":"open","sticky":false,"template":"","format":"standard","meta":{"footnotes":""},"categories":[6332],"tags":[21117,21118],"class_list":{"0":"post-54253","1":"post","2":"type-post","3":"status-publish","4":"format-standard","5":"has-post-thumbnail","7":"category-te-fundit","8":"tag-mberrin-me-helikopter-ne-dervican-kryeministri-grek","9":"tag-pritet-nga-rama"},"_links":{"self":[{"href":"https:\/\/jugulajm.net\/index.php?rest_route=\/wp\/v2\/posts\/54253","targetHints":{"allow":["GET"]}}],"collection":[{"href":"https:\/\/jugulajm.net\/index.php?rest_route=\/wp\/v2\/posts"}],"about":[{"href":"https:\/\/jugulajm.net\/index.php?rest_route=\/wp\/v2\/types\/post"}],"author":[{"embeddable":true,"href":"https:\/\/jugulajm.net\/index.php?rest_route=\/wp\/v2\/users\/5"}],"replies":[{"embeddable":true,"href":"https:\/\/jugulajm.net\/index.php?rest_route=%2Fwp%2Fv2%2Fcomments&post=54253"}],"version-history":[{"count":0,"href":"https:\/\/jugulajm.net\/index.php?rest_route=\/wp\/v2\/posts\/54253\/revisions"}],"wp:featuredmedia":[{"embeddable":true,"href":"https:\/\/jugulajm.net\/index.php?rest_route=\/wp\/v2\/media\/54254"}],"wp:attachment":[{"href":"https:\/\/jugulajm.net\/index.php?rest_route=%2Fwp%2Fv2%2Fmedia&parent=54253"}],"wp:term":[{"taxonomy":"category","embeddable":true,"href":"https:\/\/jugulajm.net\/index.php?rest_route=%2Fwp%2Fv2%2Fcategories&post=54253"},{"taxonomy":"post_tag","embeddable":true,"href":"https:\/\/jugulajm.net\/index.php?rest_route=%2Fwp%2Fv2%2Ftags&post=54253"}],"curies":[{"name":"wp","href":"https:\/\/api.w.org\/{rel}","templated":true}]}}