{"id":54188,"date":"2022-12-20T18:21:51","date_gmt":"2022-12-20T17:21:51","guid":{"rendered":"https:\/\/jugulajm.net\/?p=54188"},"modified":"2022-12-20T18:21:51","modified_gmt":"2022-12-20T17:21:51","slug":"shqiperia-pajiset-me-dronet-bayraktar-rama-i-morem-pa-radhe-se-une-e-kam-mik-erdoganin","status":"publish","type":"post","link":"https:\/\/jugulajm.net\/?p=54188","title":{"rendered":"Shqip\u00ebria pajiset me dron\u00ebt \u201cBayraktar\u201d\/ Rama: I mor\u00ebm pa radh\u00eb, se un\u00eb e kam mik Erdoganin"},"content":{"rendered":"<p>Sot \u00ebsht\u00eb firmosur marr\u00ebveshja p\u00ebr blerjen e flot\u00ebs s\u00eb dron\u00ebve &#8220;Bayraktar&#8221;, mes Shqip\u00ebris\u00eb dhe Turqis\u00eb.<\/p>\n<p>Gjat\u00eb nj\u00eb ceremonie n\u00eb kryeministri, Edi Rama \u00ebsht\u00eb shprehur se Shqip\u00ebria do t\u00eb marr\u00eb disa dron\u00eb \u2018Bajraktar\u00eb\u2019 nga Turqia.<\/p>\n<p>N\u00eb fjal\u00ebn e tij Rama tha se, Shqip\u00ebria ka hyr\u00eb pa radh\u00eb, ngaq\u00eb ai e ka mik Erdoganin.<\/p>\n<p>Gjithashtu kryeministri u shpreh, se ishte tep\u00ebr e v\u00ebshtir\u00eb q\u00eb t\u00eb realizohej nj\u00eb marr\u00ebveshje e till\u00eb, por sipas tij, mjafton t\u00eb jesh n\u00eb an\u00ebn e duhur, nd\u00ebrsa e konsideroi si tep\u00ebr t\u00eb r\u00ebnd\u00ebsishme at\u00eb p\u00ebr marr\u00ebdh\u00ebnien dypal\u00ebshe, Shqip\u00ebri-Turqi, ve\u00e7an\u00ebrisht n\u00eb fush\u00ebn e mbrojtjes.<\/p>\n","protected":false},"excerpt":{"rendered":"<p>Sot \u00ebsht\u00eb firmosur marr\u00ebveshja p\u00ebr blerjen e flot\u00ebs s\u00eb dron\u00ebve &#8220;Bayraktar&#8221;, mes Shqip\u00ebris\u00eb dhe Turqis\u00eb. Gjat\u00eb nj\u00eb ceremonie n\u00eb kryeministri, Edi Rama \u00ebsht\u00eb shprehur se Shqip\u00ebria do t\u00eb marr\u00eb disa dron\u00eb \u2018Bajraktar\u00eb\u2019 nga Turqia. N\u00eb fjal\u00ebn e tij Rama tha se, Shqip\u00ebria ka hyr\u00eb pa radh\u00eb, ngaq\u00eb ai e ka mik Erdoganin. Gjithashtu kryeministri u [&hellip;]<\/p>\n","protected":false},"author":5,"featured_media":54189,"comment_status":"open","ping_status":"open","sticky":false,"template":"","format":"standard","meta":{"footnotes":""},"categories":[6326,6332],"tags":[21094,21093],"class_list":{"0":"post-54188","1":"post","2":"type-post","3":"status-publish","4":"format-standard","5":"has-post-thumbnail","7":"category-politike","8":"category-te-fundit","9":"tag-se-une-e-kam-mik-erdoganin","10":"tag-shqiperia-pajiset-me-dronet-bayraktar-rama-i-morem-pa-radhe"},"_links":{"self":[{"href":"https:\/\/jugulajm.net\/index.php?rest_route=\/wp\/v2\/posts\/54188","targetHints":{"allow":["GET"]}}],"collection":[{"href":"https:\/\/jugulajm.net\/index.php?rest_route=\/wp\/v2\/posts"}],"about":[{"href":"https:\/\/jugulajm.net\/index.php?rest_route=\/wp\/v2\/types\/post"}],"author":[{"embeddable":true,"href":"https:\/\/jugulajm.net\/index.php?rest_route=\/wp\/v2\/users\/5"}],"replies":[{"embeddable":true,"href":"https:\/\/jugulajm.net\/index.php?rest_route=%2Fwp%2Fv2%2Fcomments&post=54188"}],"version-history":[{"count":0,"href":"https:\/\/jugulajm.net\/index.php?rest_route=\/wp\/v2\/posts\/54188\/revisions"}],"wp:featuredmedia":[{"embeddable":true,"href":"https:\/\/jugulajm.net\/index.php?rest_route=\/wp\/v2\/media\/54189"}],"wp:attachment":[{"href":"https:\/\/jugulajm.net\/index.php?rest_route=%2Fwp%2Fv2%2Fmedia&parent=54188"}],"wp:term":[{"taxonomy":"category","embeddable":true,"href":"https:\/\/jugulajm.net\/index.php?rest_route=%2Fwp%2Fv2%2Fcategories&post=54188"},{"taxonomy":"post_tag","embeddable":true,"href":"https:\/\/jugulajm.net\/index.php?rest_route=%2Fwp%2Fv2%2Ftags&post=54188"}],"curies":[{"name":"wp","href":"https:\/\/api.w.org\/{rel}","templated":true}]}}