{"id":54167,"date":"2022-12-20T10:19:08","date_gmt":"2022-12-20T09:19:08","guid":{"rendered":"https:\/\/jugulajm.net\/?p=54167"},"modified":"2022-12-20T12:00:14","modified_gmt":"2022-12-20T11:00:14","slug":"__trashed-4","status":"publish","type":"post","link":"https:\/\/jugulajm.net\/?p=54167","title":{"rendered":"FOTO\/ Biznesmeni nga Tepelena dhe bashk\u00ebshorti i tij festojn\u00eb 3-vjetorin e martes\u00ebs"},"content":{"rendered":"<p>Biznesmeni i njohur nga Tepelena, Elton Ilirjani, i cili e ka shprehur hapur orientimin e tij seksual (homoseksual), ka festuar 3-vjetorin e martes\u00ebs me bashk\u00ebshortin e tij.<\/p>\n<p>Ilirjani q\u00eb \u00ebsht\u00eb nj\u00eb biznesmen dhe model pasarelash n\u00eb Ne\u00eb York, ka postuar n\u00eb rrjetet sociale nj\u00eb foto me bashk\u00ebshortin e tij, teksa shfaqen t\u00eb lumtur.<\/p>\n<p>\u201cP\u00ebrvjetori i tret\u00eb i martes\u00ebs na gjeti n\u00eb nj\u00eb makin\u00eb t\u00eb re t\u00eb palar\u00eb.<\/p>\n<p>Bashk\u00ebshorti m\u00eb i mir\u00eb nga t\u00eb gjith\u00eb\u201d shkruan ai n\u00eb postimin e tij.<\/p>\n<p><img decoding=\"async\" src=\"https:\/\/top-channel.tv\/wp-content\/uploads\/2022\/12\/IMG-20221219-WA0021.jpg\" \/><img decoding=\"async\" src=\"https:\/\/top-channel.tv\/wp-content\/uploads\/2022\/12\/IMG-20221219-WA0022.jpg\" \/><img decoding=\"async\" src=\"https:\/\/top-channel.tv\/wp-content\/uploads\/2022\/12\/IMG-20221219-WA0023.jpg\" \/><\/p>\n","protected":false},"excerpt":{"rendered":"<p>Biznesmeni i njohur nga Tepelena, Elton Ilirjani, i cili e ka shprehur hapur orientimin e tij seksual (homoseksual), ka festuar 3-vjetorin e martes\u00ebs me bashk\u00ebshortin e tij. Ilirjani q\u00eb \u00ebsht\u00eb nj\u00eb biznesmen dhe model pasarelash n\u00eb Ne\u00eb York, ka postuar n\u00eb rrjetet sociale nj\u00eb foto me bashk\u00ebshortin e tij, teksa shfaqen t\u00eb lumtur. \u201cP\u00ebrvjetori i [&hellip;]<\/p>\n","protected":false},"author":5,"featured_media":54175,"comment_status":"open","ping_status":"open","sticky":false,"template":"","format":"standard","meta":{"footnotes":""},"categories":[7664,6332],"tags":[21085],"class_list":{"0":"post-54167","1":"post","2":"type-post","3":"status-publish","4":"format-standard","5":"has-post-thumbnail","7":"category-bota","8":"category-te-fundit","9":"tag-foto-biznesmeni-nga-tepelena-dhe-bashkeshorti-i-tij-festojne-3-vjetorin-e-marteses"},"_links":{"self":[{"href":"https:\/\/jugulajm.net\/index.php?rest_route=\/wp\/v2\/posts\/54167","targetHints":{"allow":["GET"]}}],"collection":[{"href":"https:\/\/jugulajm.net\/index.php?rest_route=\/wp\/v2\/posts"}],"about":[{"href":"https:\/\/jugulajm.net\/index.php?rest_route=\/wp\/v2\/types\/post"}],"author":[{"embeddable":true,"href":"https:\/\/jugulajm.net\/index.php?rest_route=\/wp\/v2\/users\/5"}],"replies":[{"embeddable":true,"href":"https:\/\/jugulajm.net\/index.php?rest_route=%2Fwp%2Fv2%2Fcomments&post=54167"}],"version-history":[{"count":0,"href":"https:\/\/jugulajm.net\/index.php?rest_route=\/wp\/v2\/posts\/54167\/revisions"}],"wp:featuredmedia":[{"embeddable":true,"href":"https:\/\/jugulajm.net\/index.php?rest_route=\/wp\/v2\/media\/54175"}],"wp:attachment":[{"href":"https:\/\/jugulajm.net\/index.php?rest_route=%2Fwp%2Fv2%2Fmedia&parent=54167"}],"wp:term":[{"taxonomy":"category","embeddable":true,"href":"https:\/\/jugulajm.net\/index.php?rest_route=%2Fwp%2Fv2%2Fcategories&post=54167"},{"taxonomy":"post_tag","embeddable":true,"href":"https:\/\/jugulajm.net\/index.php?rest_route=%2Fwp%2Fv2%2Ftags&post=54167"}],"curies":[{"name":"wp","href":"https:\/\/api.w.org\/{rel}","templated":true}]}}