{"id":54145,"date":"2022-12-19T16:39:25","date_gmt":"2022-12-19T15:39:25","guid":{"rendered":"https:\/\/jugulajm.net\/?p=54145"},"modified":"2022-12-19T16:39:25","modified_gmt":"2022-12-19T15:39:25","slug":"ja-cfare-ishte-manteli-qe-sheiku-i-veshi-messit","status":"publish","type":"post","link":"https:\/\/jugulajm.net\/?p=54145","title":{"rendered":"Ja \u00e7far\u00eb ishte manteli q\u00eb sheiku i veshi Messit"},"content":{"rendered":"<p>N\u00eb momentin q\u00eb Lionel Messit iu dor\u00ebzua trofeu i Kup\u00ebs s\u00eb Bot\u00ebs iu vendos nj\u00eb mantel tradicional arabe nga emiri i Katarit. Por \u00e7far\u00eb \u00ebsht\u00eb ky mantel dhe \u00e7far\u00eb simbolizon?<\/p>\n<p>Manteli arab \u00ebsht\u00eb i p\u00ebrb\u00ebr\u00eb nga nj\u00eb material i leht\u00eb, shpesh i tejduksh\u00ebm, me prerje prej ari t\u00eb v\u00ebrtet\u00eb q\u00eb vendoset mbi disa rripa t\u00eb bardh\u00eb.<\/p>\n<p>E veshur kryesisht n\u00eb Gjirin Persik, kjo \u00ebsht\u00eb nj\u00eb veshje tradicionale shekullore gjat\u00eb rasteve t\u00eb ve\u00e7anta.<\/p>\n<p>Ajo shihet si nj\u00eb shenj\u00eb vler\u00ebsimi dhe respekti dhe zakonisht vishet nga zyrtar\u00eb t\u00eb lart\u00eb si politikan\u00eb, sheik\u00eb dhe individ\u00eb t\u00eb tjer\u00eb me status t\u00eb lart\u00eb.<\/p>\n<p><em><strong>\u00c7far\u00eb ka t\u00eb ve\u00e7ant\u00eb manteli arab?<\/strong><\/em><\/p>\n<p><a href=\"https:\/\/www.aljazeera.com\/news\/2022\/12\/19\/why-was-messi-wearing-a-bisht-at-world-cup-ceremony\"><em><strong>Mustafa Baig<\/strong><\/em><\/a>, nj\u00eb lektor i studimeve islame n\u00eb Universitetin e Exeter u shpreh se manteli \u00ebsht\u00eb nj\u00eb veshje formale e veshur nga an\u00ebtar\u00ebt e familjes mbret\u00ebrore, personalitete, por edhe dh\u00ebndri n\u00eb dit\u00ebn e dasm\u00ebs dhe t\u00eb diplomuarit n\u00eb ceremoni.<\/p>\n<p>\u201c<em>K\u00ebshtu q\u00eb vet\u00ebm disa njer\u00ebz t\u00eb zgjedhur do t\u00eb veshin mantelin. Ata n\u00eb thelb e nderuan Messin duke ia v\u00ebn\u00eb mbi supe. \u00cbsht\u00eb nj\u00eb shenj\u00eb nderi, dhe thjesht nj\u00eb lloj mir\u00ebseardhjeje kulturore dhe nj\u00eb pranim kulturor<\/em>\u201d tha ai.<\/p>\n<p>Hassan al-Tha\u00ebadi, sekretari i p\u00ebrgjithsh\u00ebm i komitetit organizues t\u00eb Kup\u00ebs s\u00eb Bot\u00ebs t\u00eb Katarit tha: \u201c<em>\u00cbsht\u00eb nj\u00eb mantel p\u00ebr nj\u00eb rast zyrtar dhe i veshur p\u00ebr festime. Kjo ishte nj\u00eb fest\u00eb e Messit.<\/em><\/p>\n<p><em>Kupa e Bot\u00ebs pati mund\u00ebsin\u00eb t\u2019i tregoj\u00eb bot\u00ebs kultur\u00ebn ton\u00eb arabe dhe myslimane. Kjo nuk kishte t\u00eb b\u00ebnte me Katarin, ishte nj\u00eb fest\u00eb rajonale<\/em>\u201d tha ai.<\/p>\n","protected":false},"excerpt":{"rendered":"<p>N\u00eb momentin q\u00eb Lionel Messit iu dor\u00ebzua trofeu i Kup\u00ebs s\u00eb Bot\u00ebs iu vendos nj\u00eb mantel tradicional arabe nga emiri i Katarit. Por \u00e7far\u00eb \u00ebsht\u00eb ky mantel dhe \u00e7far\u00eb simbolizon? Manteli arab \u00ebsht\u00eb i p\u00ebrb\u00ebr\u00eb nga nj\u00eb material i leht\u00eb, shpesh i tejduksh\u00ebm, me prerje prej ari t\u00eb v\u00ebrtet\u00eb q\u00eb vendoset mbi disa rripa t\u00eb [&hellip;]<\/p>\n","protected":false},"author":5,"featured_media":54146,"comment_status":"open","ping_status":"open","sticky":false,"template":"","format":"standard","meta":{"footnotes":""},"categories":[7664,6334,6332],"tags":[21070],"class_list":{"0":"post-54145","1":"post","2":"type-post","3":"status-publish","4":"format-standard","5":"has-post-thumbnail","7":"category-bota","8":"category-sport","9":"category-te-fundit","10":"tag-ja-cfare-ishte-manteli-qe-sheiku-i-veshi-messit"},"_links":{"self":[{"href":"https:\/\/jugulajm.net\/index.php?rest_route=\/wp\/v2\/posts\/54145","targetHints":{"allow":["GET"]}}],"collection":[{"href":"https:\/\/jugulajm.net\/index.php?rest_route=\/wp\/v2\/posts"}],"about":[{"href":"https:\/\/jugulajm.net\/index.php?rest_route=\/wp\/v2\/types\/post"}],"author":[{"embeddable":true,"href":"https:\/\/jugulajm.net\/index.php?rest_route=\/wp\/v2\/users\/5"}],"replies":[{"embeddable":true,"href":"https:\/\/jugulajm.net\/index.php?rest_route=%2Fwp%2Fv2%2Fcomments&post=54145"}],"version-history":[{"count":0,"href":"https:\/\/jugulajm.net\/index.php?rest_route=\/wp\/v2\/posts\/54145\/revisions"}],"wp:featuredmedia":[{"embeddable":true,"href":"https:\/\/jugulajm.net\/index.php?rest_route=\/wp\/v2\/media\/54146"}],"wp:attachment":[{"href":"https:\/\/jugulajm.net\/index.php?rest_route=%2Fwp%2Fv2%2Fmedia&parent=54145"}],"wp:term":[{"taxonomy":"category","embeddable":true,"href":"https:\/\/jugulajm.net\/index.php?rest_route=%2Fwp%2Fv2%2Fcategories&post=54145"},{"taxonomy":"post_tag","embeddable":true,"href":"https:\/\/jugulajm.net\/index.php?rest_route=%2Fwp%2Fv2%2Ftags&post=54145"}],"curies":[{"name":"wp","href":"https:\/\/api.w.org\/{rel}","templated":true}]}}