{"id":54142,"date":"2022-12-19T16:36:04","date_gmt":"2022-12-19T15:36:04","guid":{"rendered":"https:\/\/jugulajm.net\/?p=54142"},"modified":"2022-12-19T16:36:04","modified_gmt":"2022-12-19T15:36:04","slug":"peleshi-planifikon-te-bleje-helikoptere-te-rinj-pa-rikthyer-ne-pune-te-vjetrit","status":"publish","type":"post","link":"https:\/\/jugulajm.net\/?p=54142","title":{"rendered":"Peleshi planifikon t\u00eb blej\u00eb helikopter\u00eb t\u00eb rinj, pa rikthyer n\u00eb pun\u00eb t\u00eb vjetrit"},"content":{"rendered":"<p class=\"jeg_post_subtitle\">Ministri i Mbrojtjes Niko Peleshi njoftoi t\u00eb h\u00ebn\u00ebn se qeveria ka miratuar nj\u00eb kredi 30 milion\u00eb euro p\u00ebr mbrojtjen civile, ku parashikohet edhe blerja e dy mjeteve ajrore p\u00ebr shuarjen e zjarreve.<\/p>\n<p>Nd\u00ebrkoh\u00eb, Peleshi pranoi se flota e helikopter\u00ebve e Forcave t\u00eb Armatosura vijon t\u00eb jet\u00eb jofunksionale p\u00ebr shkak t\u00eb problemeve me mir\u00ebmbajtjen dhe se nuk \u00ebsht\u00eb gjetur ende zgjidhje p\u00ebr marrjen e helikopterit \u201cCougar\u201d t\u00eb parkuar n\u00eb nj\u00eb magazin\u00eb zjarrfik\u00ebsesh n\u00eb Itali.<\/p>\n<p>\u201cItalia \u00ebsht\u00eb angazhuar p\u00ebr t\u00eb mb\u00ebshtetur sistemin e mbrojtjes civile me nj\u00eb financim 30 milion\u00eb euro n\u00eb form\u00eb huaje,\u201d tha ai pas mbledhjes s\u00eb qeveris\u00eb, duke sakt\u00ebsuar se huaja do t\u00eb p\u00ebrdoret p\u00ebr nd\u00ebrtimin e sallave operacionale dhe trajnim p\u00ebr emergjencat civile.<\/p>\n<p>Ministri b\u00ebri t\u00eb ditur se parashikohet dhe blerja e 2 mjeteve ajrore p\u00ebr fatkeq\u00ebsit\u00eb natyrore, por i pyetur nga BIRN p\u00ebr vler\u00ebn e tyre, ai tha se nuk e mund t\u00eb thoshte vler\u00ebn, por do t\u00eb gjendeshin mjete t\u00eb lira q\u00eb mund t\u00eb p\u00ebrballoheshin brenda k\u00ebsaj kredie.<\/p>\n<p>Peleshi pranoi se problematika e mir\u00ebmbajtjes me flot\u00ebn e helikopter\u00ebve vijon prej disa vitesh dhe se n\u00eb gatishm\u00ebri ishin vet\u00ebm dy mjete nga 7 t\u00eb till\u00eb q\u00eb kan\u00eb Forcat e Armatosura.<\/p>\n<p>\u201cGadishm\u00ebria nuk \u00ebsht\u00eb 100 p\u00ebr qind,\u201d pranoi ai, duke shtuar se \u201c\u00ebsht\u00eb n\u00eb gatishm\u00ebri nj\u00eb helikopter Cougar q\u00eb \u00ebsht\u00eb p\u00ebr emergjenca civile dhe nj\u00eb tjet\u00ebr q\u00eb \u00ebsht\u00eb p\u00ebr emergjenca mjek\u00ebsore\u201d.<\/p>\n<p>\u201cSfida m\u00eb e madhe q\u00eb ne kemi kur investohet n\u00eb mjete ajrore t\u00eb reja \u00ebsht\u00eb mir\u00ebmbajtja, nuk kemi kompani t\u00eb specializuara p\u00ebr mir\u00ebmbajtjen e mjeteve ajrore dhe na duhet t\u00eb blejm\u00eb k\u00ebt\u00eb sh\u00ebrbim jasht\u00eb,\u201d shtoi Peleshi, duke rip\u00ebrs\u00ebritur t\u00eb nj\u00ebjtat probleme p\u00ebr t\u00eb cilat ka raportuar 6 muaj m\u00eb par\u00eb edhe n\u00eb Kuvend.<\/p>\n<p>\u201cJo t\u00eb gjitha kontratat performojn\u00eb si\u00e7 duhet dhe pastaj futemi n\u00eb kalvare pengesash si ajo me helikopterin Cougar q\u00eb \u00ebsht\u00eb n\u00eb Itali dhe u b\u00ebn\u00eb shum\u00eb, 2 vjet,\u201d theksoi ai.<\/p>\n<p>Peleshi tha se ministria ka vendosur q\u00eb ta d\u00ebrgoj\u00eb helikopterin e mbetur n\u00eb Itali n\u00eb agjencin\u00eb e NATO-s p\u00ebr sh\u00ebrbimet e mir\u00ebmbajtjes sapo t\u00eb \u00e7lirohet nga kontrata.<\/p>\n<p>Sipas tij, kostot e mir\u00ebmbajtjes jan\u00eb shum\u00eb t\u00eb m\u00ebdha p\u00ebr qeverin\u00eb dhe vendimi p\u00ebr t\u2019ia deleguar agjencis\u00eb s\u00eb posa\u00e7me t\u00eb NATO-s prokurorimet p\u00ebr k\u00ebt\u00eb \u00e7\u00ebshtje do t\u2019i jap\u00eb zgjidhje situat\u00ebs.<\/p>\n<p>P\u00ebrmes nj\u00eb investigimi t\u00eb publikuar m\u00eb 31 maj, BIRN zbuloi se flota e shtrenjt\u00eb e helikopter\u00ebve ushtarak\u00eb \u201cCougar\u201d, t\u00eb cil\u00ebt mbajn\u00eb pesh\u00ebn e emergjencave civile t\u00eb vendit, ndodhet aktualisht jasht\u00eb funksionit p\u00ebr shkak t\u00eb problemeve me kontratat e mir\u00ebmbajtjes.<\/p>\n<p><strong>Burimi: &#8221;Birn&#8221;<\/strong><\/p>\n","protected":false},"excerpt":{"rendered":"<p>Ministri i Mbrojtjes Niko Peleshi njoftoi t\u00eb h\u00ebn\u00ebn se qeveria ka miratuar nj\u00eb kredi 30 milion\u00eb euro p\u00ebr mbrojtjen civile, ku parashikohet edhe blerja e dy mjeteve ajrore p\u00ebr shuarjen e zjarreve. Nd\u00ebrkoh\u00eb, Peleshi pranoi se flota e helikopter\u00ebve e Forcave t\u00eb Armatosura vijon t\u00eb jet\u00eb jofunksionale p\u00ebr shkak t\u00eb problemeve me mir\u00ebmbajtjen dhe se [&hellip;]<\/p>\n","protected":false},"author":5,"featured_media":54143,"comment_status":"open","ping_status":"open","sticky":false,"template":"","format":"standard","meta":{"footnotes":""},"categories":[1,6332],"tags":[21069,21068],"class_list":{"0":"post-54142","1":"post","2":"type-post","3":"status-publish","4":"format-standard","5":"has-post-thumbnail","7":"category-aktualitet","8":"category-te-fundit","9":"tag-pa-rikthyer-ne-pune-te-vjetrit","10":"tag-peleshi-planifikon-te-bleje-helikoptere-te-rinj"},"_links":{"self":[{"href":"https:\/\/jugulajm.net\/index.php?rest_route=\/wp\/v2\/posts\/54142","targetHints":{"allow":["GET"]}}],"collection":[{"href":"https:\/\/jugulajm.net\/index.php?rest_route=\/wp\/v2\/posts"}],"about":[{"href":"https:\/\/jugulajm.net\/index.php?rest_route=\/wp\/v2\/types\/post"}],"author":[{"embeddable":true,"href":"https:\/\/jugulajm.net\/index.php?rest_route=\/wp\/v2\/users\/5"}],"replies":[{"embeddable":true,"href":"https:\/\/jugulajm.net\/index.php?rest_route=%2Fwp%2Fv2%2Fcomments&post=54142"}],"version-history":[{"count":0,"href":"https:\/\/jugulajm.net\/index.php?rest_route=\/wp\/v2\/posts\/54142\/revisions"}],"wp:featuredmedia":[{"embeddable":true,"href":"https:\/\/jugulajm.net\/index.php?rest_route=\/wp\/v2\/media\/54143"}],"wp:attachment":[{"href":"https:\/\/jugulajm.net\/index.php?rest_route=%2Fwp%2Fv2%2Fmedia&parent=54142"}],"wp:term":[{"taxonomy":"category","embeddable":true,"href":"https:\/\/jugulajm.net\/index.php?rest_route=%2Fwp%2Fv2%2Fcategories&post=54142"},{"taxonomy":"post_tag","embeddable":true,"href":"https:\/\/jugulajm.net\/index.php?rest_route=%2Fwp%2Fv2%2Ftags&post=54142"}],"curies":[{"name":"wp","href":"https:\/\/api.w.org\/{rel}","templated":true}]}}