{"id":54083,"date":"2022-12-18T10:31:53","date_gmt":"2022-12-18T09:31:53","guid":{"rendered":"https:\/\/jugulajm.net\/?p=54083"},"modified":"2022-12-18T10:31:53","modified_gmt":"2022-12-18T09:31:53","slug":"shqiptarja-e-zhdukur-ne-greqi-nje-femer-deshmon-ishte-artemisa-e-pashe-ne","status":"publish","type":"post","link":"https:\/\/jugulajm.net\/?p=54083","title":{"rendered":"Shqiptarja e zhdukur n\u00eb Greqi\/ Nj\u00eb fem\u00ebr d\u00ebshmon: Ishte Artemisa, e pash\u00eb n\u00eb&#8230;"},"content":{"rendered":"<p>Nj\u00eb d\u00ebshmi e re n\u00eb emisionin investigativ grek \u201c<a href=\"https:\/\/www.protothema.gr\/greece\/article\/1319646\/fos-sto-tounel-sti-souidia-oi-ereunes-gia-tin-artemi-itan-ekeini-tin-eida-apo-polu-koda-leei-marturas\/\">Drit\u00eb n\u00eb Tunel<\/a>\u201d ka ngjallur shpresat p\u00ebr gjetjen e Artemisa Vasilit, 19-vje\u00e7ares me origjin\u00eb shqiptare, e cila \u00ebsht\u00eb zhdukur 2 vite m\u00eb par\u00eb n\u00eb rrethana misterioze.<\/p>\n<p>Nj\u00eb shqiptare q\u00eb jeton dhe punon prej vitesh n\u00eb Suedi, ka pohuar n\u00eb emision n\u00ebp\u00ebrmjet nj\u00eb telefonate se ka par\u00eb Artemis\u00ebn n\u00eb qytetin e Goteborgut n\u00eb Suedi.<\/p>\n<p>D\u00ebshmia n\u00eb fjal\u00eb p\u00ebr 22-vje\u00e7aren ka ngritur alarmin te autoritetet greke dhe ka shkaktuar mobilizimin e menj\u00ebhersh\u00ebm t\u00eb policis\u00eb lokale, Interpolit dhe Autoriteteve Konsullore, nd\u00ebrsa \u00ebsht\u00eb v\u00ebn\u00eb n\u00eb dijeni edhe avokati i familjes, Anastasios Dougas.<\/p>\n<p>Pa humbur, avokati s\u00eb bashku me Arin, v\u00ebllan\u00eb e Artemis\u00ebs, udh\u00ebtoi p\u00ebr n\u00eb Suedi p\u00ebr t\u00eb takuar d\u00ebshmitaren dhe p\u00ebr t\u00eb k\u00ebrkuar ndihm\u00ebn e policis\u00eb dhe autoriteteve konsullore atje.<\/p>\n<p><strong>Zhdukja e Artemis\u00ebs<\/strong><\/p>\n<p>Artemis Vasili u zhduk m\u00eb dat\u00eb 15 tetor 2020 n\u00eb Koropi, teksa familjes i kishte th\u00ebn\u00eb se po shkonte p\u00ebr t\u00eb dh\u00ebn\u00eb nj\u00eb intervist\u00eb pune, por nuk u kthye m\u00eb.<\/p>\n<p>Mediat greke citojn\u00eb disa d\u00ebshmitar\u00eb q\u00eb jan\u00eb shprehur se e kan\u00eb par\u00eb vajz\u00ebn shqiptare n\u00eb nj\u00eb gjendje t\u00eb keqe psikologjike. Vajza \u00ebsht\u00eb par\u00eb duke qar\u00eb e vetme n\u00eb nj\u00eb rrug\u00eb kryesore t\u00eb Athin\u00ebs.<\/p>\n<p>Tre jan\u00eb d\u00ebshmit\u00eb. Konkretisht pak pas zhdukjes, nj\u00eb grua tha se e pa vajz\u00ebn 19-vje\u00e7are n\u00eb nj\u00eb gjendje shoku dhe duke qar\u00eb e vetme n\u00eb rrug\u00eb. Gruaja iu afrua vajz\u00ebs dhe u p\u00ebrpoq ta ndihmonte nd\u00ebrsa Artemis u largua.<\/p>\n<p>Nj\u00eb tjet\u00ebr d\u00ebshmitar deklaroi se duke zbritur n\u00eb stacionin e autobusit e pa 19-vje\u00e7aren t\u00eb trembur dhe duke ikur me nxitim. Gjithashtu nj\u00eb informacion tjet\u00ebr erdhi se vajz\u00ebs i kishte r\u00ebn\u00eb t\u00eb fik\u00ebt n\u00eb rrug\u00eb, por sapo ishin afruar njer\u00ebzit ishte shprehur se ishte mir\u00eb dhe ishte larguar.<\/p>\n<p>P\u00ebr her\u00eb t\u00eb fundit vajz\u00ebn me origjin\u00eb shqiptare e kap\u00ebn kamerat duke shkuar n\u00eb nj\u00eb stacion autobusi, nd\u00ebrsa m\u00eb pas jan\u00eb vet\u00ebm d\u00ebshmit\u00eb e qytetar\u00ebve.<\/p>\n","protected":false},"excerpt":{"rendered":"<p>Nj\u00eb d\u00ebshmi e re n\u00eb emisionin investigativ grek \u201cDrit\u00eb n\u00eb Tunel\u201d ka ngjallur shpresat p\u00ebr gjetjen e Artemisa Vasilit, 19-vje\u00e7ares me origjin\u00eb shqiptare, e cila \u00ebsht\u00eb zhdukur 2 vite m\u00eb par\u00eb n\u00eb rrethana misterioze. Nj\u00eb shqiptare q\u00eb jeton dhe punon prej vitesh n\u00eb Suedi, ka pohuar n\u00eb emision n\u00ebp\u00ebrmjet nj\u00eb telefonate se ka par\u00eb Artemis\u00ebn [&hellip;]<\/p>\n","protected":false},"author":5,"featured_media":52874,"comment_status":"open","ping_status":"open","sticky":false,"template":"","format":"standard","meta":{"footnotes":""},"categories":[1,6332],"tags":[21043,21042],"class_list":{"0":"post-54083","1":"post","2":"type-post","3":"status-publish","4":"format-standard","5":"has-post-thumbnail","7":"category-aktualitet","8":"category-te-fundit","9":"tag-e-pashe-ne","10":"tag-shqiptarja-e-zhdukur-ne-greqi-nje-femer-deshmon-ishte-artemisa"},"_links":{"self":[{"href":"https:\/\/jugulajm.net\/index.php?rest_route=\/wp\/v2\/posts\/54083","targetHints":{"allow":["GET"]}}],"collection":[{"href":"https:\/\/jugulajm.net\/index.php?rest_route=\/wp\/v2\/posts"}],"about":[{"href":"https:\/\/jugulajm.net\/index.php?rest_route=\/wp\/v2\/types\/post"}],"author":[{"embeddable":true,"href":"https:\/\/jugulajm.net\/index.php?rest_route=\/wp\/v2\/users\/5"}],"replies":[{"embeddable":true,"href":"https:\/\/jugulajm.net\/index.php?rest_route=%2Fwp%2Fv2%2Fcomments&post=54083"}],"version-history":[{"count":0,"href":"https:\/\/jugulajm.net\/index.php?rest_route=\/wp\/v2\/posts\/54083\/revisions"}],"wp:featuredmedia":[{"embeddable":true,"href":"https:\/\/jugulajm.net\/index.php?rest_route=\/wp\/v2\/media\/52874"}],"wp:attachment":[{"href":"https:\/\/jugulajm.net\/index.php?rest_route=%2Fwp%2Fv2%2Fmedia&parent=54083"}],"wp:term":[{"taxonomy":"category","embeddable":true,"href":"https:\/\/jugulajm.net\/index.php?rest_route=%2Fwp%2Fv2%2Fcategories&post=54083"},{"taxonomy":"post_tag","embeddable":true,"href":"https:\/\/jugulajm.net\/index.php?rest_route=%2Fwp%2Fv2%2Ftags&post=54083"}],"curies":[{"name":"wp","href":"https:\/\/api.w.org\/{rel}","templated":true}]}}