{"id":54043,"date":"2022-12-16T20:39:51","date_gmt":"2022-12-16T19:39:51","guid":{"rendered":"https:\/\/jugulajm.net\/?p=54043"},"modified":"2022-12-17T14:11:49","modified_gmt":"2022-12-17T13:11:49","slug":"vrasja-e-sarandjotit-autori-hyri-i-maskuar-ne-lokal-dhe-qelloi-papa-tentoi-ta-godase-me","status":"publish","type":"post","link":"https:\/\/jugulajm.net\/?p=54043","title":{"rendered":"Vrasja e sarandjotit\/ Autori hyri i maskuar n\u00eb lokal dhe q\u00eblloi, Papa tentoi ta godas\u00eb me&#8230;"},"content":{"rendered":"<p>Rqportohen detaje p\u00ebr vrasjen e 49-vje\u00e7arit sarandjot\u00a0 Edmond Papa.<\/p>\n<p>Ngjarja ndodhi n\u00eb nj\u00eb lokal n\u00eb rrug\u00ebn \u201cFadil Bodinaku\u201d n\u00eb Tiran\u00eb, nd\u00ebrsa 49-vje\u00e7ari pas plag\u00ebve t\u00eb marra humbi jet\u00ebn rrug\u00ebs p\u00ebr tek Trauma.<\/p>\n<p>B\u00ebhet me dije se grupi hetimor ka siguruar kamerat e siguris\u00eb, nd\u00ebrsa jan\u00eb marr\u00eb n\u00eb pyetje edhe personat q\u00eb ndodheshin n\u00eb lokal momentin kur ka ndodhur ngjarja.<\/p>\n<p>B\u00ebhet me dije se kamerat e siguris\u00eb kan\u00eb kapur l\u00ebvizjet e autorit kur ai ka hyr\u00eb i vet\u00ebm brenda lokalit. Ndon\u00ebse Edmond Papa \u00ebsht\u00eb ndodhur n\u00eb befasi nga bresh\u00ebria e plumbave, ai ka tentuar t\u00eb godas\u00eb autorin me tavull\u00ebn e duhanit q\u00eb kishte te tavolina, por s\u00ebrish nuk u ka shp\u00ebtuar plumbave.<\/p>\n<p>\u201cBurime m\u00eb b\u00ebjn\u00eb me dije se autori ka qen\u00eb nj\u00eb person i maskuar dhe ka l\u00ebvizur me k\u00ebmb\u00eb deri n\u00eb momentin q\u00eb \u00ebsht\u00eb futur n\u00eb lokal dhe ka q\u00eblluar m\u00eb 9 plumba Edmond Papa. N\u00eb pyetje jan\u00eb marr\u00eb edhe personat q\u00eb kan\u00eb qen\u00eb n\u00eb lokal. Autori \u00ebsht\u00eb kapur nga kamerat e siguris\u00eb n\u00eb momentin q\u00eb ka ikur me vrap.<\/p>\n<p>N\u00eb fund t\u00eb rrug\u00ebs Fadil Bodinaku \u00ebsht\u00eb pritur nga nj\u00eb automjet ku edhe m\u00eb pas \u00ebsht\u00eb larguar. Grupi hetimor i ka siguruar pamjet ku tregohet itenerari i l\u00ebvizjeve t\u00eb autorit\u201d.<\/p>\n","protected":false},"excerpt":{"rendered":"<p>Rqportohen detaje p\u00ebr vrasjen e 49-vje\u00e7arit sarandjot\u00a0 Edmond Papa. Ngjarja ndodhi n\u00eb nj\u00eb lokal n\u00eb rrug\u00ebn \u201cFadil Bodinaku\u201d n\u00eb Tiran\u00eb, nd\u00ebrsa 49-vje\u00e7ari pas plag\u00ebve t\u00eb marra humbi jet\u00ebn rrug\u00ebs p\u00ebr tek Trauma. B\u00ebhet me dije se grupi hetimor ka siguruar kamerat e siguris\u00eb, nd\u00ebrsa jan\u00eb marr\u00eb n\u00eb pyetje edhe personat q\u00eb ndodheshin n\u00eb lokal momentin [&hellip;]<\/p>\n","protected":false},"author":5,"featured_media":54044,"comment_status":"open","ping_status":"open","sticky":false,"template":"","format":"standard","meta":{"footnotes":""},"categories":[1,6332],"tags":[21030,21029],"class_list":{"0":"post-54043","1":"post","2":"type-post","3":"status-publish","4":"format-standard","5":"has-post-thumbnail","7":"category-aktualitet","8":"category-te-fundit","9":"tag-papa-tentoi-ta-godase-me","10":"tag-vrasja-e-sarandjotit-autori-hyri-i-maskuar-ne-lokal-dhe-qelloi"},"_links":{"self":[{"href":"https:\/\/jugulajm.net\/index.php?rest_route=\/wp\/v2\/posts\/54043","targetHints":{"allow":["GET"]}}],"collection":[{"href":"https:\/\/jugulajm.net\/index.php?rest_route=\/wp\/v2\/posts"}],"about":[{"href":"https:\/\/jugulajm.net\/index.php?rest_route=\/wp\/v2\/types\/post"}],"author":[{"embeddable":true,"href":"https:\/\/jugulajm.net\/index.php?rest_route=\/wp\/v2\/users\/5"}],"replies":[{"embeddable":true,"href":"https:\/\/jugulajm.net\/index.php?rest_route=%2Fwp%2Fv2%2Fcomments&post=54043"}],"version-history":[{"count":0,"href":"https:\/\/jugulajm.net\/index.php?rest_route=\/wp\/v2\/posts\/54043\/revisions"}],"wp:featuredmedia":[{"embeddable":true,"href":"https:\/\/jugulajm.net\/index.php?rest_route=\/wp\/v2\/media\/54044"}],"wp:attachment":[{"href":"https:\/\/jugulajm.net\/index.php?rest_route=%2Fwp%2Fv2%2Fmedia&parent=54043"}],"wp:term":[{"taxonomy":"category","embeddable":true,"href":"https:\/\/jugulajm.net\/index.php?rest_route=%2Fwp%2Fv2%2Fcategories&post=54043"},{"taxonomy":"post_tag","embeddable":true,"href":"https:\/\/jugulajm.net\/index.php?rest_route=%2Fwp%2Fv2%2Ftags&post=54043"}],"curies":[{"name":"wp","href":"https:\/\/api.w.org\/{rel}","templated":true}]}}