{"id":53956,"date":"2022-12-14T13:51:27","date_gmt":"2022-12-14T12:51:27","guid":{"rendered":"https:\/\/jugulajm.net\/?p=53956"},"modified":"2022-12-14T13:51:27","modified_gmt":"2022-12-14T12:51:27","slug":"te-burgosurit-ministri-manja-kete-vit-amnisti","status":"publish","type":"post","link":"https:\/\/jugulajm.net\/?p=53956","title":{"rendered":"T\u00eb burgosurit\/ Ministri Manja: K\u00ebt\u00eb vit amnisti&#8230;"},"content":{"rendered":"<p>Ministri i Drejt\u00ebsis\u00eb, Ulsi Manja, e p\u00ebrjashtoi mund\u00ebsin\u00eb e amnistis\u00eb s\u00eb fundvitit.<\/p>\n<p>N\u00eb nj\u00eb prononcim p\u00ebr mediat Manja tha, se amnistia e t\u00eb d\u00ebnuarve \u00ebsht\u00eb ende n\u00eb faz\u00ebn e vler\u00ebsimit, \u00e7ka e b\u00ebn t\u00eb pamundur miratimin e saj nga Parlamenti brenda vitit 2022.<\/p>\n<p><strong>Pyetja:<\/strong>\u00a0<em>Do t\u00eb ket\u00eb amnisti k\u00ebt\u00eb vit?<\/em><\/p>\n<p><em>&#8216;Jo. Jemi n\u00eb faz\u00ebn e vler\u00ebsimit. Do t\u00eb kemi nj\u00eb amnisti, por p\u00ebr k\u00ebt\u00eb vit, Parlamenti nj\u00eb ose dy seanca ka.&#8217;<\/em>&#8211; u p\u00ebrgjigj Manja.<\/p>\n","protected":false},"excerpt":{"rendered":"<p>Ministri i Drejt\u00ebsis\u00eb, Ulsi Manja, e p\u00ebrjashtoi mund\u00ebsin\u00eb e amnistis\u00eb s\u00eb fundvitit. N\u00eb nj\u00eb prononcim p\u00ebr mediat Manja tha, se amnistia e t\u00eb d\u00ebnuarve \u00ebsht\u00eb ende n\u00eb faz\u00ebn e vler\u00ebsimit, \u00e7ka e b\u00ebn t\u00eb pamundur miratimin e saj nga Parlamenti brenda vitit 2022. Pyetja:\u00a0Do t\u00eb ket\u00eb amnisti k\u00ebt\u00eb vit? &#8216;Jo. Jemi n\u00eb faz\u00ebn e vler\u00ebsimit. [&hellip;]<\/p>\n","protected":false},"author":5,"featured_media":47349,"comment_status":"open","ping_status":"open","sticky":false,"template":"","format":"standard","meta":{"footnotes":""},"categories":[1,6332],"tags":[20988],"class_list":{"0":"post-53956","1":"post","2":"type-post","3":"status-publish","4":"format-standard","5":"has-post-thumbnail","7":"category-aktualitet","8":"category-te-fundit","9":"tag-te-burgosurit-ministri-manja-kete-vit-amnisti"},"_links":{"self":[{"href":"https:\/\/jugulajm.net\/index.php?rest_route=\/wp\/v2\/posts\/53956","targetHints":{"allow":["GET"]}}],"collection":[{"href":"https:\/\/jugulajm.net\/index.php?rest_route=\/wp\/v2\/posts"}],"about":[{"href":"https:\/\/jugulajm.net\/index.php?rest_route=\/wp\/v2\/types\/post"}],"author":[{"embeddable":true,"href":"https:\/\/jugulajm.net\/index.php?rest_route=\/wp\/v2\/users\/5"}],"replies":[{"embeddable":true,"href":"https:\/\/jugulajm.net\/index.php?rest_route=%2Fwp%2Fv2%2Fcomments&post=53956"}],"version-history":[{"count":0,"href":"https:\/\/jugulajm.net\/index.php?rest_route=\/wp\/v2\/posts\/53956\/revisions"}],"wp:featuredmedia":[{"embeddable":true,"href":"https:\/\/jugulajm.net\/index.php?rest_route=\/wp\/v2\/media\/47349"}],"wp:attachment":[{"href":"https:\/\/jugulajm.net\/index.php?rest_route=%2Fwp%2Fv2%2Fmedia&parent=53956"}],"wp:term":[{"taxonomy":"category","embeddable":true,"href":"https:\/\/jugulajm.net\/index.php?rest_route=%2Fwp%2Fv2%2Fcategories&post=53956"},{"taxonomy":"post_tag","embeddable":true,"href":"https:\/\/jugulajm.net\/index.php?rest_route=%2Fwp%2Fv2%2Ftags&post=53956"}],"curies":[{"name":"wp","href":"https:\/\/api.w.org\/{rel}","templated":true}]}}