{"id":53944,"date":"2022-12-14T11:52:38","date_gmt":"2022-12-14T10:52:38","guid":{"rendered":"https:\/\/jugulajm.net\/?p=53944"},"modified":"2022-12-14T11:52:38","modified_gmt":"2022-12-14T10:52:38","slug":"trafik-droge-ish-truproja-e-tahirit-denohet-me-8-vite-e-8-muaj-burg","status":"publish","type":"post","link":"https:\/\/jugulajm.net\/?p=53944","title":{"rendered":"Trafik droge\/ Ish-truproja e Tahirit d\u00ebnohet me 8 vite e 8 muaj burg"},"content":{"rendered":"<p>D\u00ebnohet me 8 vite e 8 muaj burg Hekuran Marku, ish-truproja i ish-ministrit t\u00eb Brendsh\u00ebm, Saimir Tahiri.<\/p>\n<p>Teksa prej m\u00eb shum\u00eb se nj\u00eb muaj, kishin p\u00ebrfunduar konkluzionet e organit t\u00eb akuz\u00ebs dhe mbrojtjes s\u00eb t\u00eb pandehurit, dhe pritej vet\u00ebm vendimi i togave z\u00eb zeza t\u00eb GJKKO-s\u00eb, seancat e caktuara pothuajse \u00e7do jav\u00eb kishin d\u00ebshtuar, nd\u00ebrsa k\u00ebt\u00eb t\u00eb m\u00ebrkur\u00eb togat e zeza t\u00eb Shkall\u00ebs s\u00eb Par\u00eb t\u00eb Gjykat\u00ebs Kund\u00ebr Korrupsionit dhe Krimit t\u00eb Organizuar vendos\u00ebn d\u00ebnimin e tij.<\/p>\n<p>Prokuroria k\u00ebrkoi 12 vite heqje lirie p\u00ebr Markun, por ai p\u00ebrfitoi zbritje t\u00eb d\u00ebnimit me 1\/3 p\u00ebr shkak t\u00eb gjykimit t\u00eb shkurtuar.<\/p>\n<p>Ai akuzohet p\u00ebr trafik narkotik\u00ebsh n\u00eb kuad\u00ebr t\u00eb grupit t\u00eb strukturuar kriminal.<\/p>\n<p>Ndaj tij nis\u00ebn hetimet si pjes\u00eb e nj\u00eb grupi kriminal, bashk\u00eb me ish-truproj\u00ebn tjet\u00ebr t\u00eb Saimir Tahirit, Agustin Ded\u00ebn p\u00ebr t\u00eb cilin ende zvarriten procedurat e ekstradimit.<\/p>\n<p>M\u00eb 1 prill Marku u ekstradua nga Gjermania, p\u00ebr tu p\u00ebrballur me GJKKO me akuzat e ngritura nga SPAK.<\/p>\n<p>Marku e Deda akuzohen se jan\u00eb p\u00ebrfshir\u00eb n\u00eb trafikun e drog\u00ebs.<\/p>\n","protected":false},"excerpt":{"rendered":"<p>D\u00ebnohet me 8 vite e 8 muaj burg Hekuran Marku, ish-truproja i ish-ministrit t\u00eb Brendsh\u00ebm, Saimir Tahiri. Teksa prej m\u00eb shum\u00eb se nj\u00eb muaj, kishin p\u00ebrfunduar konkluzionet e organit t\u00eb akuz\u00ebs dhe mbrojtjes s\u00eb t\u00eb pandehurit, dhe pritej vet\u00ebm vendimi i togave z\u00eb zeza t\u00eb GJKKO-s\u00eb, seancat e caktuara pothuajse \u00e7do jav\u00eb kishin d\u00ebshtuar, nd\u00ebrsa [&hellip;]<\/p>\n","protected":false},"author":5,"featured_media":53945,"comment_status":"open","ping_status":"open","sticky":false,"template":"","format":"standard","meta":{"footnotes":""},"categories":[1,6332],"tags":[20984],"class_list":{"0":"post-53944","1":"post","2":"type-post","3":"status-publish","4":"format-standard","5":"has-post-thumbnail","7":"category-aktualitet","8":"category-te-fundit","9":"tag-trafik-droge-ish-truproja-e-tahirit-denohet-me-8-vite-e-8-muaj-burg"},"_links":{"self":[{"href":"https:\/\/jugulajm.net\/index.php?rest_route=\/wp\/v2\/posts\/53944","targetHints":{"allow":["GET"]}}],"collection":[{"href":"https:\/\/jugulajm.net\/index.php?rest_route=\/wp\/v2\/posts"}],"about":[{"href":"https:\/\/jugulajm.net\/index.php?rest_route=\/wp\/v2\/types\/post"}],"author":[{"embeddable":true,"href":"https:\/\/jugulajm.net\/index.php?rest_route=\/wp\/v2\/users\/5"}],"replies":[{"embeddable":true,"href":"https:\/\/jugulajm.net\/index.php?rest_route=%2Fwp%2Fv2%2Fcomments&post=53944"}],"version-history":[{"count":0,"href":"https:\/\/jugulajm.net\/index.php?rest_route=\/wp\/v2\/posts\/53944\/revisions"}],"wp:featuredmedia":[{"embeddable":true,"href":"https:\/\/jugulajm.net\/index.php?rest_route=\/wp\/v2\/media\/53945"}],"wp:attachment":[{"href":"https:\/\/jugulajm.net\/index.php?rest_route=%2Fwp%2Fv2%2Fmedia&parent=53944"}],"wp:term":[{"taxonomy":"category","embeddable":true,"href":"https:\/\/jugulajm.net\/index.php?rest_route=%2Fwp%2Fv2%2Fcategories&post=53944"},{"taxonomy":"post_tag","embeddable":true,"href":"https:\/\/jugulajm.net\/index.php?rest_route=%2Fwp%2Fv2%2Ftags&post=53944"}],"curies":[{"name":"wp","href":"https:\/\/api.w.org\/{rel}","templated":true}]}}