{"id":53924,"date":"2022-12-13T21:00:30","date_gmt":"2022-12-13T20:00:30","guid":{"rendered":"https:\/\/jugulajm.net\/?p=53924"},"modified":"2022-12-13T21:00:30","modified_gmt":"2022-12-13T20:00:30","slug":"greqi-vrasja-e-adoleshentit-nga-policia-plasin-keq-protestat","status":"publish","type":"post","link":"https:\/\/jugulajm.net\/?p=53924","title":{"rendered":"Greqi\/ Vrasja e adoleshentit nga Policia, plasin keq protestat"},"content":{"rendered":"<p>Vdekja e 16-vje\u00e7arit rom n\u00eb Selanik, pasi u q\u00ebllua me arm\u00eb nga efektivi i policis\u00eb, ka shkaktuar sot n\u00eb p\u00ebrshkall\u00ebzim t\u00eb protestave atje.<\/p>\n<p>Komuniteti rom \u00ebsht\u00eb ngritur n\u00eb protesta t\u00eb dhunshm pas rastit t\u00eb r\u00ebnd\u00eb, nd\u00ebrsa sot pas lajmit t\u00eb vdekjes, situata ka agravuar edhe m\u00eb tej. Protestuesit kan\u00eb vendosur bllokada dhe gjithashtu kan\u00eb ndezur zjarre n\u00eb qend\u00ebr t\u00eb qytetit.<\/p>\n<p>Sipas medieve greke b\u00ebhet me dije se p\u00ebr shkak t\u00eb siguris\u00eb s\u00eb qytetar\u00ebve, \u00ebsht\u00eb marr\u00eb vendimi q\u00eb t\u00eb mbyllen tet\u00eb linja t\u00eb transportit publik n\u00eb Atik\u00ebn per\u00ebndimore, p\u00ebrfshir\u00eb edhe nj\u00eb linj\u00eb metroje.<\/p>\n<p>Kujtojm\u00eb se pak dit\u00eb m\u00eb par\u00eb i riu i komunitetit rom, u q\u00ebllua nga policia n\u00eb ndjekje e sip\u00ebr, pasi dyshohet se u largua nga nj\u00eb pik\u00eb karburanti pa fatur\u00eb tatimore.<\/p>\n","protected":false},"excerpt":{"rendered":"<p>Vdekja e 16-vje\u00e7arit rom n\u00eb Selanik, pasi u q\u00ebllua me arm\u00eb nga efektivi i policis\u00eb, ka shkaktuar sot n\u00eb p\u00ebrshkall\u00ebzim t\u00eb protestave atje. Komuniteti rom \u00ebsht\u00eb ngritur n\u00eb protesta t\u00eb dhunshm pas rastit t\u00eb r\u00ebnd\u00eb, nd\u00ebrsa sot pas lajmit t\u00eb vdekjes, situata ka agravuar edhe m\u00eb tej. Protestuesit kan\u00eb vendosur bllokada dhe gjithashtu kan\u00eb ndezur [&hellip;]<\/p>\n","protected":false},"author":5,"featured_media":0,"comment_status":"open","ping_status":"open","sticky":false,"template":"","format":"standard","meta":{"footnotes":""},"categories":[1,6332],"tags":[20975,20976],"class_list":{"0":"post-53924","1":"post","2":"type-post","3":"status-publish","4":"format-standard","6":"category-aktualitet","7":"category-te-fundit","8":"tag-greqi-vrasja-e-adoleshentit-nga-policia","9":"tag-plasin-keq-protestat"},"_links":{"self":[{"href":"https:\/\/jugulajm.net\/index.php?rest_route=\/wp\/v2\/posts\/53924","targetHints":{"allow":["GET"]}}],"collection":[{"href":"https:\/\/jugulajm.net\/index.php?rest_route=\/wp\/v2\/posts"}],"about":[{"href":"https:\/\/jugulajm.net\/index.php?rest_route=\/wp\/v2\/types\/post"}],"author":[{"embeddable":true,"href":"https:\/\/jugulajm.net\/index.php?rest_route=\/wp\/v2\/users\/5"}],"replies":[{"embeddable":true,"href":"https:\/\/jugulajm.net\/index.php?rest_route=%2Fwp%2Fv2%2Fcomments&post=53924"}],"version-history":[{"count":0,"href":"https:\/\/jugulajm.net\/index.php?rest_route=\/wp\/v2\/posts\/53924\/revisions"}],"wp:attachment":[{"href":"https:\/\/jugulajm.net\/index.php?rest_route=%2Fwp%2Fv2%2Fmedia&parent=53924"}],"wp:term":[{"taxonomy":"category","embeddable":true,"href":"https:\/\/jugulajm.net\/index.php?rest_route=%2Fwp%2Fv2%2Fcategories&post=53924"},{"taxonomy":"post_tag","embeddable":true,"href":"https:\/\/jugulajm.net\/index.php?rest_route=%2Fwp%2Fv2%2Ftags&post=53924"}],"curies":[{"name":"wp","href":"https:\/\/api.w.org\/{rel}","templated":true}]}}