{"id":53697,"date":"2022-12-07T18:45:11","date_gmt":"2022-12-07T17:45:11","guid":{"rendered":"https:\/\/jugulajm.net\/?p=53697"},"modified":"2022-12-07T18:51:31","modified_gmt":"2022-12-07T17:51:31","slug":"foto-osbe-takim-me-kreret-e-pd-se-ne-gjirokaster","status":"publish","type":"post","link":"https:\/\/jugulajm.net\/?p=53697","title":{"rendered":"FOTO\/ OSBE takim me krer\u00ebt e PD-s\u00eb n\u00eb Gjirokast\u00ebr"},"content":{"rendered":"<p>Kreu i prezences se OSBE ne vendin tone Guido De Sanctis, ka zhvilluar nje takim me kreret me te larte vendore te PD-se ne Gjirokaster.<\/p>\n<p>Zoti De Sanctis eshte pritur ne ambjentrt e selise se PD Gjirokaster nga kryedemokrati Eri Shehaj.<\/p>\n<p>Ne takim kane qene te pranishem\u00a0 dy kandidatet per kryetare bashkie te Gjirokastres dhe Libohoves, perkatesisht Dorjan Lani dhe Adil Xhelili.<\/p>\n<p>Gjithashtu te pranishem kane qene dhe an\u00ebtarja e LGSH-se, Anila Caca, si dhe Kryetari i FRPD-se Gjirokaster, Arli Kokalari.<\/p>\n<p>N\u00eb k\u00ebt\u00eb takim u diskutua gjer\u00ebsisht p\u00ebr problematikat ne rajonin e Gjirokastres, si shpopullimi masiv, largimi i institucioneve, pun\u00ebsimet fiktive para zgjedhjeve, presioni q\u00eb ju b\u00ebhet simpatizant\u00ebve opozitar\u00eb etj.<\/p>\n<p>Kreu i OSBE ka degjuar me vemendje problematikat e ngritura nga kreu i opozites ne Gjirokaster.<\/p>\n<p><img loading=\"lazy\" loading=\"lazy\" decoding=\"async\" class=\"alignnone size-full wp-image-53698\" src=\"https:\/\/jugulajm.net\/wp-content\/uploads\/2022\/12\/IMG-20221207-WA0004.jpg\" alt=\"\" width=\"1024\" height=\"768\" srcset=\"https:\/\/jugulajm.net\/wp-content\/uploads\/2022\/12\/IMG-20221207-WA0004.jpg 1024w, https:\/\/jugulajm.net\/wp-content\/uploads\/2022\/12\/IMG-20221207-WA0004-768x576.jpg 768w, https:\/\/jugulajm.net\/wp-content\/uploads\/2022\/12\/IMG-20221207-WA0004-80x60.jpg 80w, https:\/\/jugulajm.net\/wp-content\/uploads\/2022\/12\/IMG-20221207-WA0004-265x198.jpg 265w, https:\/\/jugulajm.net\/wp-content\/uploads\/2022\/12\/IMG-20221207-WA0004-696x522.jpg 696w, https:\/\/jugulajm.net\/wp-content\/uploads\/2022\/12\/IMG-20221207-WA0004-560x420.jpg 560w\" sizes=\"auto, (max-width: 1024px) 100vw, 1024px\" \/> <img loading=\"lazy\" loading=\"lazy\" decoding=\"async\" class=\"alignnone size-medium wp-image-53699\" src=\"https:\/\/jugulajm.net\/wp-content\/uploads\/2022\/12\/IMG-20221207-WA0002.jpg\" alt=\"\" width=\"1024\" height=\"768\" srcset=\"https:\/\/jugulajm.net\/wp-content\/uploads\/2022\/12\/IMG-20221207-WA0002.jpg 1024w, https:\/\/jugulajm.net\/wp-content\/uploads\/2022\/12\/IMG-20221207-WA0002-768x576.jpg 768w, https:\/\/jugulajm.net\/wp-content\/uploads\/2022\/12\/IMG-20221207-WA0002-80x60.jpg 80w, https:\/\/jugulajm.net\/wp-content\/uploads\/2022\/12\/IMG-20221207-WA0002-265x198.jpg 265w, https:\/\/jugulajm.net\/wp-content\/uploads\/2022\/12\/IMG-20221207-WA0002-696x522.jpg 696w, https:\/\/jugulajm.net\/wp-content\/uploads\/2022\/12\/IMG-20221207-WA0002-560x420.jpg 560w\" sizes=\"auto, (max-width: 1024px) 100vw, 1024px\" \/> <img loading=\"lazy\" loading=\"lazy\" decoding=\"async\" class=\"alignnone size-medium wp-image-53700\" src=\"https:\/\/jugulajm.net\/wp-content\/uploads\/2022\/12\/IMG-20221207-WA0003.jpg\" alt=\"\" width=\"1024\" height=\"768\" srcset=\"https:\/\/jugulajm.net\/wp-content\/uploads\/2022\/12\/IMG-20221207-WA0003.jpg 1024w, https:\/\/jugulajm.net\/wp-content\/uploads\/2022\/12\/IMG-20221207-WA0003-768x576.jpg 768w, https:\/\/jugulajm.net\/wp-content\/uploads\/2022\/12\/IMG-20221207-WA0003-80x60.jpg 80w, https:\/\/jugulajm.net\/wp-content\/uploads\/2022\/12\/IMG-20221207-WA0003-265x198.jpg 265w, https:\/\/jugulajm.net\/wp-content\/uploads\/2022\/12\/IMG-20221207-WA0003-696x522.jpg 696w, https:\/\/jugulajm.net\/wp-content\/uploads\/2022\/12\/IMG-20221207-WA0003-560x420.jpg 560w\" sizes=\"auto, (max-width: 1024px) 100vw, 1024px\" \/><\/p>\n","protected":false},"excerpt":{"rendered":"<p>Kreu i prezences se OSBE ne vendin tone Guido De Sanctis, ka zhvilluar nje takim me kreret me te larte vendore te PD-se ne Gjirokaster. Zoti De Sanctis eshte pritur ne ambjentrt e selise se PD Gjirokaster nga kryedemokrati Eri Shehaj. Ne takim kane qene te pranishem\u00a0 dy kandidatet per kryetare bashkie te Gjirokastres dhe [&hellip;]<\/p>\n","protected":false},"author":5,"featured_media":53701,"comment_status":"open","ping_status":"open","sticky":false,"template":"","format":"standard","meta":{"footnotes":""},"categories":[6326,6332],"tags":[20874],"class_list":{"0":"post-53697","1":"post","2":"type-post","3":"status-publish","4":"format-standard","5":"has-post-thumbnail","7":"category-politike","8":"category-te-fundit","9":"tag-foto-osbe-takim-me-kreret-e-pd-se-ne-gjirokaster"},"_links":{"self":[{"href":"https:\/\/jugulajm.net\/index.php?rest_route=\/wp\/v2\/posts\/53697","targetHints":{"allow":["GET"]}}],"collection":[{"href":"https:\/\/jugulajm.net\/index.php?rest_route=\/wp\/v2\/posts"}],"about":[{"href":"https:\/\/jugulajm.net\/index.php?rest_route=\/wp\/v2\/types\/post"}],"author":[{"embeddable":true,"href":"https:\/\/jugulajm.net\/index.php?rest_route=\/wp\/v2\/users\/5"}],"replies":[{"embeddable":true,"href":"https:\/\/jugulajm.net\/index.php?rest_route=%2Fwp%2Fv2%2Fcomments&post=53697"}],"version-history":[{"count":0,"href":"https:\/\/jugulajm.net\/index.php?rest_route=\/wp\/v2\/posts\/53697\/revisions"}],"wp:featuredmedia":[{"embeddable":true,"href":"https:\/\/jugulajm.net\/index.php?rest_route=\/wp\/v2\/media\/53701"}],"wp:attachment":[{"href":"https:\/\/jugulajm.net\/index.php?rest_route=%2Fwp%2Fv2%2Fmedia&parent=53697"}],"wp:term":[{"taxonomy":"category","embeddable":true,"href":"https:\/\/jugulajm.net\/index.php?rest_route=%2Fwp%2Fv2%2Fcategories&post=53697"},{"taxonomy":"post_tag","embeddable":true,"href":"https:\/\/jugulajm.net\/index.php?rest_route=%2Fwp%2Fv2%2Ftags&post=53697"}],"curies":[{"name":"wp","href":"https:\/\/api.w.org\/{rel}","templated":true}]}}