{"id":53689,"date":"2022-12-07T14:33:02","date_gmt":"2022-12-07T13:33:02","guid":{"rendered":"https:\/\/jugulajm.net\/?p=53689"},"modified":"2022-12-07T14:33:02","modified_gmt":"2022-12-07T13:33:02","slug":"nje-person-thyen-traun-e-parlamentit-dhe-hyn-me-makine-ne-oborr-ja-arsyeja","status":"publish","type":"post","link":"https:\/\/jugulajm.net\/?p=53689","title":{"rendered":"Nj\u00eb person thyen traun e Parlamentit dhe hyn me makin\u00eb n\u00eb oborr, ja arsyeja&#8230;"},"content":{"rendered":"<p>Dit\u00ebn e sotme, n\u00eb hyrje t\u00eb Parlamentit \u00ebsht\u00eb sh\u00ebnuar nj\u00eb incident.<\/p>\n<p>Nj\u00eb 32-vje\u00e7ar ka tentuar t\u00eb parkoj\u00eb makin\u00ebn brenda oborrit t\u00eb godin\u00ebs qeveritare, edhe pse \u00ebsht\u00eb e ndaluar.<\/p>\n<p>Burime b\u00ebjn\u00eb me dije se personi n\u00eb fjal\u00eb ka kujtuar se oborri i Parlamentit sh\u00ebrben si parkim.<\/p>\n<div class=\"d-flex justify-content-center align-items-center\">\n<div id=\"div-gpt-ad-1586013632095-0\" data-google-query-id=\"CO72_ePO5_sCFcLluwgd1fEG-g\">\n<p>Pas incidentit, 32-vje\u00e7ari M.B \u00ebsht\u00eb shoq\u00ebruar n\u00eb komisariat dhe po punohet p\u00ebr sqarimin e rrethanave t\u00eb ngjarjes, thuhet n\u00eb njoftimin zyrtar t\u00eb policis\u00eb.<\/p>\n<p>Burime p\u00ebr Abc b\u00ebjn\u00eb me dije se trau i Parlamentit \u00ebsht\u00eb d\u00ebmtuar, nd\u00ebrsa 32-vje\u00e7ari dyshohet se koh\u00ebt e fundit po kurohet me ila\u00e7e depresioni<strong>.<\/strong><\/p>\n<\/div>\n<\/div>\n","protected":false},"excerpt":{"rendered":"<p>Dit\u00ebn e sotme, n\u00eb hyrje t\u00eb Parlamentit \u00ebsht\u00eb sh\u00ebnuar nj\u00eb incident. Nj\u00eb 32-vje\u00e7ar ka tentuar t\u00eb parkoj\u00eb makin\u00ebn brenda oborrit t\u00eb godin\u00ebs qeveritare, edhe pse \u00ebsht\u00eb e ndaluar. Burime b\u00ebjn\u00eb me dije se personi n\u00eb fjal\u00eb ka kujtuar se oborri i Parlamentit sh\u00ebrben si parkim. Pas incidentit, 32-vje\u00e7ari M.B \u00ebsht\u00eb shoq\u00ebruar n\u00eb komisariat dhe po [&hellip;]<\/p>\n","protected":false},"author":5,"featured_media":53690,"comment_status":"open","ping_status":"open","sticky":false,"template":"","format":"standard","meta":{"footnotes":""},"categories":[1,6332],"tags":[20856,20870],"class_list":{"0":"post-53689","1":"post","2":"type-post","3":"status-publish","4":"format-standard","5":"has-post-thumbnail","7":"category-aktualitet","8":"category-te-fundit","9":"tag-ja-arsyeja","10":"tag-nje-person-thyen-traun-e-parlamentit-dhe-hyn-me-makine-ne-oborr"},"_links":{"self":[{"href":"https:\/\/jugulajm.net\/index.php?rest_route=\/wp\/v2\/posts\/53689","targetHints":{"allow":["GET"]}}],"collection":[{"href":"https:\/\/jugulajm.net\/index.php?rest_route=\/wp\/v2\/posts"}],"about":[{"href":"https:\/\/jugulajm.net\/index.php?rest_route=\/wp\/v2\/types\/post"}],"author":[{"embeddable":true,"href":"https:\/\/jugulajm.net\/index.php?rest_route=\/wp\/v2\/users\/5"}],"replies":[{"embeddable":true,"href":"https:\/\/jugulajm.net\/index.php?rest_route=%2Fwp%2Fv2%2Fcomments&post=53689"}],"version-history":[{"count":0,"href":"https:\/\/jugulajm.net\/index.php?rest_route=\/wp\/v2\/posts\/53689\/revisions"}],"wp:featuredmedia":[{"embeddable":true,"href":"https:\/\/jugulajm.net\/index.php?rest_route=\/wp\/v2\/media\/53690"}],"wp:attachment":[{"href":"https:\/\/jugulajm.net\/index.php?rest_route=%2Fwp%2Fv2%2Fmedia&parent=53689"}],"wp:term":[{"taxonomy":"category","embeddable":true,"href":"https:\/\/jugulajm.net\/index.php?rest_route=%2Fwp%2Fv2%2Fcategories&post=53689"},{"taxonomy":"post_tag","embeddable":true,"href":"https:\/\/jugulajm.net\/index.php?rest_route=%2Fwp%2Fv2%2Ftags&post=53689"}],"curies":[{"name":"wp","href":"https:\/\/api.w.org\/{rel}","templated":true}]}}