{"id":53682,"date":"2022-12-07T11:23:03","date_gmt":"2022-12-07T10:23:03","guid":{"rendered":"https:\/\/jugulajm.net\/?p=53682"},"modified":"2022-12-07T11:23:03","modified_gmt":"2022-12-07T10:23:03","slug":"video-fotografi-babani-kryeministri-holandez-me-kepuce-te-grisura-me-kujtoi-gjirokastritet","status":"publish","type":"post","link":"https:\/\/jugulajm.net\/?p=53682","title":{"rendered":"VIDEO\/ Fotografi Babani: Kryeministri holandez me k\u00ebpuc\u00eb t\u00eb grisura m\u00eb kujtoi gjirokastrit\u00ebt"},"content":{"rendered":"<div class=\"vc_row_inner tdi_178_766  vc_row vc_inner wpb_row td-pb-row\">\n<div class=\"vc_column_inner tdi_180_022 title-counter wpb_column vc_column_container tdc-inner-column td-pb-span12\">\n<div class=\"vc_column-inner\">\n<div class=\"wpb_wrapper\">\n<div class=\"wpb_wrapper td_block_wrap td_block_wrap tdb_single_current_post tdi_181_909 spotim-counter  td-pb-border-top spotim-counter  td_block_template_1\">\n<div class=\"td-fix-index\">\n<div><\/div>\n<\/div>\n<\/div>\n<\/div>\n<\/div>\n<\/div>\n<\/div>\n<div class=\"vc_row_inner tdi_184_963  vc_row vc_inner wpb_row td-pb-row\">\n<div class=\"vc_column_inner tdi_186_696 post-date-info wpb_column vc_column_container tdc-inner-column td-pb-span12\">\n<div class=\"vc_column-inner\">\n<div class=\"wpb_wrapper\">\n<div class=\"td_block_wrap tdb_single_date tdi_188_e38 td-pb-border-top td_block_template_1 tdb-post-meta\" data-td-block-uid=\"tdi_188_e38\">\n<div class=\"tdb-block-inner td-fix-index\">\n<p>Fotografi Armando Babani, tha se kryeministri holandez Mark Rutte i kujtoi gjirokastrit\u00ebt kur e pa me k\u00ebpuc\u00eb t\u00eb grisura n\u00eb samitin BE-Ballkan Per\u00ebndimor q\u00eb u zhvillua dit\u00ebn e djeshme n\u00eb Tiran\u00eb.<\/p>\n<p>I ftuar n\u00eb emisionin \u201cGood Morning Albanians, n\u00eb Euronews Albania, fotografi mendon se Rutte nuk i ka kushtuar shum\u00eb r\u00ebnd\u00ebsi veshjes.<\/p>\n<p><em>\u201cKjo fotografia e k\u00ebpuc\u00ebve t\u00eb grisura m\u00eb t\u00ebrhoqi sepse \u00ebsht\u00eb kryeminist\u00ebr. M\u00eb kujtoi gjirokastrit\u00ebt. Mendoj se nuk i ka kushtuar r\u00ebnd\u00ebsi k\u00ebpuc\u00ebve, dhe as veshjes. Ata si popull nuk i japin r\u00ebnd\u00ebsi veshjes.\u201d<\/em>&#8211; tha ai.<\/p>\n<\/div>\n<\/div>\n<\/div>\n<\/div>\n<\/div>\n<\/div>\n<div class=\"td_block_wrap tdb_single_featured_image tdi_191_200 tdb-content-horiz-right td-pb-border-top td_block_template_1\" data-td-block-uid=\"tdi_191_200\">\n<div class=\"tdb-block-inner td-fix-index\">\n<div class=\"wpb_video_wrapper\"><iframe loading=\"lazy\" id=\"widget2\" class=\"td-youtube-player\" title=\"Kryeministri holandez me k\u00ebpuc\u00eb t\u00eb grisura, fotografi: M\u00eb kujtoi gjirokastrit\u00ebt\" src=\"https:\/\/www.youtube.com\/embed\/9CGfoBA0L2A?enablejsapi=1&amp;feature=oembed&amp;wmode=opaque&amp;vq=hd720&amp;&amp;&amp;\" width=\"100%\" height=\"560\" frameborder=\"0\" allowfullscreen=\"allowfullscreen\" data-gtm-yt-inspected-7=\"true\" data-gtm-yt-inspected-15=\"true\" data-mce-fragment=\"1\"><\/iframe><\/div>\n<\/div>\n<\/div>\n<div class=\"wpb_wrapper wpb_text_column td_block_wrap td_block_wrap vc_column_text tdi_192_905  tagdiv-type td-pb-border-top td_block_template_1\" data-td-block-uid=\"tdi_192_905\">\n<div class=\"td-fix-index\"><\/div>\n<\/div>\n","protected":false},"excerpt":{"rendered":"<p>Fotografi Armando Babani, tha se kryeministri holandez Mark Rutte i kujtoi gjirokastrit\u00ebt kur e pa me k\u00ebpuc\u00eb t\u00eb grisura n\u00eb samitin BE-Ballkan Per\u00ebndimor q\u00eb u zhvillua dit\u00ebn e djeshme n\u00eb Tiran\u00eb. I ftuar n\u00eb emisionin \u201cGood Morning Albanians, n\u00eb Euronews Albania, fotografi mendon se Rutte nuk i ka kushtuar shum\u00eb r\u00ebnd\u00ebsi veshjes. \u201cKjo fotografia e [&hellip;]<\/p>\n","protected":false},"author":5,"featured_media":53683,"comment_status":"open","ping_status":"open","sticky":false,"template":"","format":"standard","meta":{"footnotes":""},"categories":[6326,6332],"tags":[20868],"class_list":{"0":"post-53682","1":"post","2":"type-post","3":"status-publish","4":"format-standard","5":"has-post-thumbnail","7":"category-politike","8":"category-te-fundit","9":"tag-video-fotografi-babani-kryeministri-holandez-me-kepuce-te-grisura-me-kujtoi-gjirokastritet"},"_links":{"self":[{"href":"https:\/\/jugulajm.net\/index.php?rest_route=\/wp\/v2\/posts\/53682","targetHints":{"allow":["GET"]}}],"collection":[{"href":"https:\/\/jugulajm.net\/index.php?rest_route=\/wp\/v2\/posts"}],"about":[{"href":"https:\/\/jugulajm.net\/index.php?rest_route=\/wp\/v2\/types\/post"}],"author":[{"embeddable":true,"href":"https:\/\/jugulajm.net\/index.php?rest_route=\/wp\/v2\/users\/5"}],"replies":[{"embeddable":true,"href":"https:\/\/jugulajm.net\/index.php?rest_route=%2Fwp%2Fv2%2Fcomments&post=53682"}],"version-history":[{"count":0,"href":"https:\/\/jugulajm.net\/index.php?rest_route=\/wp\/v2\/posts\/53682\/revisions"}],"wp:featuredmedia":[{"embeddable":true,"href":"https:\/\/jugulajm.net\/index.php?rest_route=\/wp\/v2\/media\/53683"}],"wp:attachment":[{"href":"https:\/\/jugulajm.net\/index.php?rest_route=%2Fwp%2Fv2%2Fmedia&parent=53682"}],"wp:term":[{"taxonomy":"category","embeddable":true,"href":"https:\/\/jugulajm.net\/index.php?rest_route=%2Fwp%2Fv2%2Fcategories&post=53682"},{"taxonomy":"post_tag","embeddable":true,"href":"https:\/\/jugulajm.net\/index.php?rest_route=%2Fwp%2Fv2%2Ftags&post=53682"}],"curies":[{"name":"wp","href":"https:\/\/api.w.org\/{rel}","templated":true}]}}