{"id":53638,"date":"2022-12-05T09:37:49","date_gmt":"2022-12-05T08:37:49","guid":{"rendered":"https:\/\/jugulajm.net\/?p=53638"},"modified":"2022-12-05T09:38:09","modified_gmt":"2022-12-05T08:38:09","slug":"moti-sot-i-vranet","status":"publish","type":"post","link":"https:\/\/jugulajm.net\/?p=53638","title":{"rendered":"Moti sot\/ I vran\u00ebt"},"content":{"rendered":"<p>Gjat\u00eb dit\u00ebs s\u00eb sotme territori shqiptar vijon t\u00eb dominohet nga vran\u00ebsirat e shpeshta dhe kthjellimet e pakta p\u00ebr gjat\u00eb gjith\u00eb dit\u00ebs.<\/p>\n<p>Parashikohet q\u00eb varan\u00ebsirat her\u00eb pas here t\u00eb zhvillohen n\u00eb zonat veriore dhe n\u00eb skajin jugor t\u00eb vendit ton\u00eb, duke gjeneruar dhe reshje t\u00eb pakta. Nd\u00ebrsa pjesa tjet\u00ebr e territorit do t\u00eb jet\u00eb me vran\u00ebsira t\u00eb shpeshta por nuk pritet t\u00eb ket\u00eb reshje.<\/p>\n<p>Sipas MeteoAlb, temperaturat e ajrit do t\u00eb rriten n\u00eb m\u00ebngjes dhe n\u00eb mesdit\u00eb duke luhatur vlerat ditore nga 0\u00b0C deri n\u00eb 17\u00b0C.<\/p>\n<p>Era do t\u00eb fryj\u00eb e leht\u00eb dhe mesatare me shpejt\u00ebsi 25 km\/h nga drejtimi Juglindor duke krijuar n\u00eb brigjet detare dallg\u00ebzim t\u00eb ul\u00ebt.<\/p>\n","protected":false},"excerpt":{"rendered":"<p>Gjat\u00eb dit\u00ebs s\u00eb sotme territori shqiptar vijon t\u00eb dominohet nga vran\u00ebsirat e shpeshta dhe kthjellimet e pakta p\u00ebr gjat\u00eb gjith\u00eb dit\u00ebs. Parashikohet q\u00eb varan\u00ebsirat her\u00eb pas here t\u00eb zhvillohen n\u00eb zonat veriore dhe n\u00eb skajin jugor t\u00eb vendit ton\u00eb, duke gjeneruar dhe reshje t\u00eb pakta. Nd\u00ebrsa pjesa tjet\u00ebr e territorit do t\u00eb jet\u00eb me vran\u00ebsira [&hellip;]<\/p>\n","protected":false},"author":5,"featured_media":47843,"comment_status":"open","ping_status":"open","sticky":false,"template":"","format":"standard","meta":{"footnotes":""},"categories":[7650,6332],"tags":[20850],"class_list":{"0":"post-53638","1":"post","2":"type-post","3":"status-publish","4":"format-standard","5":"has-post-thumbnail","7":"category-moti","8":"category-te-fundit","9":"tag-moti-sot-i-vranet"},"_links":{"self":[{"href":"https:\/\/jugulajm.net\/index.php?rest_route=\/wp\/v2\/posts\/53638","targetHints":{"allow":["GET"]}}],"collection":[{"href":"https:\/\/jugulajm.net\/index.php?rest_route=\/wp\/v2\/posts"}],"about":[{"href":"https:\/\/jugulajm.net\/index.php?rest_route=\/wp\/v2\/types\/post"}],"author":[{"embeddable":true,"href":"https:\/\/jugulajm.net\/index.php?rest_route=\/wp\/v2\/users\/5"}],"replies":[{"embeddable":true,"href":"https:\/\/jugulajm.net\/index.php?rest_route=%2Fwp%2Fv2%2Fcomments&post=53638"}],"version-history":[{"count":0,"href":"https:\/\/jugulajm.net\/index.php?rest_route=\/wp\/v2\/posts\/53638\/revisions"}],"wp:featuredmedia":[{"embeddable":true,"href":"https:\/\/jugulajm.net\/index.php?rest_route=\/wp\/v2\/media\/47843"}],"wp:attachment":[{"href":"https:\/\/jugulajm.net\/index.php?rest_route=%2Fwp%2Fv2%2Fmedia&parent=53638"}],"wp:term":[{"taxonomy":"category","embeddable":true,"href":"https:\/\/jugulajm.net\/index.php?rest_route=%2Fwp%2Fv2%2Fcategories&post=53638"},{"taxonomy":"post_tag","embeddable":true,"href":"https:\/\/jugulajm.net\/index.php?rest_route=%2Fwp%2Fv2%2Ftags&post=53638"}],"curies":[{"name":"wp","href":"https:\/\/api.w.org\/{rel}","templated":true}]}}