{"id":53609,"date":"2022-12-04T13:39:48","date_gmt":"2022-12-04T12:39:48","guid":{"rendered":"https:\/\/jugulajm.net\/?p=53609"},"modified":"2022-12-04T13:39:48","modified_gmt":"2022-12-04T12:39:48","slug":"primaret-deputeti-shehu-pjesmarrje-impresionuese-e-demokrateve-ne-qarkun-gjirokaster-foto","status":"publish","type":"post","link":"https:\/\/jugulajm.net\/?p=53609","title":{"rendered":"Primaret&#8217;\/ Deputeti Shehu: Pjesmarrje impresionuese e demokrat\u00ebve n\u00eb Qarkun Gjirokast\u00ebr\/ FOTO"},"content":{"rendered":"<div dir=\"auto\">Deputeti i Partise Demokratike per Qarkun Gjirokaster, Tritan Shehu, eshte shprehur per &#8221;Primaret&#8221; qe zhvillohen ne Qarkun e Gjirokastres.<\/div>\n<div dir=\"auto\"><\/div>\n<p>Permes nje postimi ne fb, Shehu ka vleresuar pjesmarrjen e demokrateve ne te gjitha bashkite e Qarkut.<\/p>\n<p><strong>Ja postimi i plote i Shehut:<\/strong><\/p>\n<p>Primaret ne Qarkun e Gjirokastres, Memaliaj!<\/p>\n<p>Eshte nje pjesemarje impresionuese e demokrateve.<\/p>\n<p>Votojne per kandidatin e PD midis dy kandidateve.<\/p>\n<p>Cdo gje shkon normalisht.<\/p>\n<p>Me tej te gjithe se bashku do te fitojne Bashkine me daten 14 Maj.<\/p>\n<div dir=\"auto\">\n<div dir=\"auto\">Urimet me te mira!<\/p>\n<div dir=\"auto\">\n<div dir=\"auto\">\n<div dir=\"auto\"><img decoding=\"async\" src=\"https:\/\/scontent.ftia14-1.fna.fbcdn.net\/v\/t39.30808-6\/317603414_3401293823440925_6638423748444470619_n.jpg?stp=cp6_dst-jpg&amp;_nc_cat=110&amp;ccb=1-7&amp;_nc_sid=8bfeb9&amp;_nc_ohc=Twk5hKvKFhAAX9DyAvZ&amp;_nc_ht=scontent.ftia14-1.fna&amp;oh=00_AfCikKNkuSNADmEHKagNPk_1p46OGsBFWUbhoxHhkk76SQ&amp;oe=639259B6\" alt=\"Mund t\u00eb jet\u00eb nj\u00eb imazh i 4 persona dhe njer\u00ebz n\u00eb k\u00ebmb\u00eb\" \/><img decoding=\"async\" src=\"https:\/\/scontent.ftia14-1.fna.fbcdn.net\/v\/t39.30808-6\/318168069_3401293876774253_1115233665534356592_n.jpg?_nc_cat=111&amp;ccb=1-7&amp;_nc_sid=8bfeb9&amp;_nc_ohc=dBoW1BbZdRIAX-zFTvT&amp;_nc_ht=scontent.ftia14-1.fna&amp;oh=00_AfD_WINZ390cBQrfPaRiDKfxJ07s_sOEeN52DEMPQ41H6w&amp;oe=6391CACE\" alt=\"Mund t\u00eb jet\u00eb nj\u00eb imazh i 4 persona dhe njer\u00ebz n\u00eb k\u00ebmb\u00eb\" \/><img decoding=\"async\" src=\"https:\/\/scontent.ftia14-1.fna.fbcdn.net\/v\/t39.30808-6\/317571495_3401294000107574_877653225136317319_n.jpg?_nc_cat=109&amp;ccb=1-7&amp;_nc_sid=8bfeb9&amp;_nc_ohc=ju3tvPkXV8wAX_OZCg3&amp;tn=sQ-6qq_tsyGuzbCD&amp;_nc_ht=scontent.ftia14-1.fna&amp;oh=00_AfCAArJnc_17HiSfkV0jwjen3mp4ZOi3DGKf1hHMV8TEzg&amp;oe=6391442F\" alt=\"Mund t\u00eb jet\u00eb nj\u00eb imazh i 1 person\" \/><img decoding=\"async\" src=\"https:\/\/scontent.ftia14-1.fna.fbcdn.net\/v\/t39.30808-6\/317703844_3401293886774252_94370024459727873_n.jpg?_nc_cat=107&amp;ccb=1-7&amp;_nc_sid=8bfeb9&amp;_nc_ohc=QKtxN0EhBFcAX9ZaTIM&amp;_nc_ht=scontent.ftia14-1.fna&amp;oh=00_AfBMxPKES-sMV97PiVcVqqPb2wiE-wELQY6mLQSq12rY5w&amp;oe=6390A761\" alt=\"Mund t\u00eb jet\u00eb nj\u00eb imazh i 1 person dhe ambiente t\u00eb brendshme\" \/><img decoding=\"async\" src=\"https:\/\/scontent.ftia14-1.fna.fbcdn.net\/v\/t39.30808-6\/318000879_3401293966774244_5545605482459225160_n.jpg?stp=cp6_dst-jpg&amp;_nc_cat=103&amp;ccb=1-7&amp;_nc_sid=8bfeb9&amp;_nc_ohc=V6zO-vzrR4MAX8PpNF4&amp;_nc_ht=scontent.ftia14-1.fna&amp;oh=00_AfBVWM5378__hc3havNpeGpkkldqK01CwHN4bb5m1i8ecw&amp;oe=63921BE9\" alt=\"P\u00ebrshkrimi i fotografis\u00eb nuk \u00ebsht\u00eb i disponuesh\u00ebm.\" \/><\/div>\n<div dir=\"auto\"><img decoding=\"async\" src=\"https:\/\/scontent.ftia14-1.fna.fbcdn.net\/v\/t39.30808-6\/318165429_3401293830107591_7589249685402331138_n.jpg?stp=cp6_dst-jpg&amp;_nc_cat=101&amp;ccb=1-7&amp;_nc_sid=8bfeb9&amp;_nc_ohc=S5bZbIdWObgAX_j-w9x&amp;tn=sQ-6qq_tsyGuzbCD&amp;_nc_ht=scontent.ftia14-1.fna&amp;oh=00_AfAB-ZG4z-cpFVOvw-GA-qkZehGrwhcUtseo43zMK6zqdA&amp;oe=6390CF0D\" alt=\"Mund t\u00eb jet\u00eb nj\u00eb imazh i 8 persona, njer\u00ebz n\u00eb k\u00ebmb\u00eb, njer\u00ebz t\u00eb ulur dhe ambiente t\u00eb brendshme\" \/><\/div>\n<\/div>\n<\/div>\n<\/div>\n<\/div>\n<div dir=\"auto\"><\/div>\n","protected":false},"excerpt":{"rendered":"<p>Deputeti i Partise Demokratike per Qarkun Gjirokaster, Tritan Shehu, eshte shprehur per &#8221;Primaret&#8221; qe zhvillohen ne Qarkun e Gjirokastres. Permes nje postimi ne fb, Shehu ka vleresuar pjesmarrjen e demokrateve ne te gjitha bashkite e Qarkut. Ja postimi i plote i Shehut: Primaret ne Qarkun e Gjirokastres, Memaliaj! Eshte nje pjesemarje impresionuese e demokrateve. Votojne [&hellip;]<\/p>\n","protected":false},"author":5,"featured_media":53603,"comment_status":"open","ping_status":"open","sticky":false,"template":"","format":"standard","meta":{"footnotes":""},"categories":[6326,6332],"tags":[20837],"class_list":{"0":"post-53609","1":"post","2":"type-post","3":"status-publish","4":"format-standard","5":"has-post-thumbnail","7":"category-politike","8":"category-te-fundit","9":"tag-primaret-deputeti-shehu-pjesmarrje-impresionuese-e-demokrateve-ne-qarkun-gjirokaster-foto"},"_links":{"self":[{"href":"https:\/\/jugulajm.net\/index.php?rest_route=\/wp\/v2\/posts\/53609","targetHints":{"allow":["GET"]}}],"collection":[{"href":"https:\/\/jugulajm.net\/index.php?rest_route=\/wp\/v2\/posts"}],"about":[{"href":"https:\/\/jugulajm.net\/index.php?rest_route=\/wp\/v2\/types\/post"}],"author":[{"embeddable":true,"href":"https:\/\/jugulajm.net\/index.php?rest_route=\/wp\/v2\/users\/5"}],"replies":[{"embeddable":true,"href":"https:\/\/jugulajm.net\/index.php?rest_route=%2Fwp%2Fv2%2Fcomments&post=53609"}],"version-history":[{"count":0,"href":"https:\/\/jugulajm.net\/index.php?rest_route=\/wp\/v2\/posts\/53609\/revisions"}],"wp:featuredmedia":[{"embeddable":true,"href":"https:\/\/jugulajm.net\/index.php?rest_route=\/wp\/v2\/media\/53603"}],"wp:attachment":[{"href":"https:\/\/jugulajm.net\/index.php?rest_route=%2Fwp%2Fv2%2Fmedia&parent=53609"}],"wp:term":[{"taxonomy":"category","embeddable":true,"href":"https:\/\/jugulajm.net\/index.php?rest_route=%2Fwp%2Fv2%2Fcategories&post=53609"},{"taxonomy":"post_tag","embeddable":true,"href":"https:\/\/jugulajm.net\/index.php?rest_route=%2Fwp%2Fv2%2Ftags&post=53609"}],"curies":[{"name":"wp","href":"https:\/\/api.w.org\/{rel}","templated":true}]}}