{"id":53585,"date":"2022-12-04T10:56:05","date_gmt":"2022-12-04T09:56:05","guid":{"rendered":"https:\/\/jugulajm.net\/?p=53585"},"modified":"2022-12-04T10:56:05","modified_gmt":"2022-12-04T09:56:05","slug":"foto-me-kapuc-dhe-maske-del-para-hetuesve-shqiptari-qe-vrau-te-dashuren-ne-greqi","status":"publish","type":"post","link":"https:\/\/jugulajm.net\/?p=53585","title":{"rendered":"FOTO\/ Me kapu\u00e7 dhe mask\u00eb, del para hetuesve shqiptari q\u00eb vrau t\u00eb dashur\u00ebn n\u00eb Greqi"},"content":{"rendered":"<p>25-vje\u00e7ari shqiptar q\u00eb q\u00eblloi n\u00eb kok\u00eb partneren e tij 19-vje\u00e7are n\u00eb banes\u00ebn e saj n\u00eb Pire, \u00ebsht\u00eb d\u00ebrguar para Prokuroris\u00eb dhe Hetuesit.<\/p>\n<p>Vras\u00ebsi i vet\u00eb-rr\u00ebfyer mb\u00ebrriti n\u00eb Gjykat\u00ebn e Pireut n\u00ebn masa drakonike sigurie, nd\u00ebrsa nuk pranoi t\u2019i p\u00ebrgjigjej pyetjes s\u00eb gazetar\u00ebve p\u00ebr motivin e vras\u00ebsjes s\u00eb eg\u00ebr.<\/p>\n<p>Mir\u00ebpo, duket se xhelozia patologjike e autorit ndaj 19-vje\u00e7arit ka qen\u00eb ajo q\u00eb e ka \u00e7uar drejt vrasjes.<\/p>\n<p>K\u00ebt\u00eb, p\u00ebr m\u00eb tep\u00ebr, ai ua ka th\u00ebn\u00eb edhe polic\u00ebve t\u00eb Drejtoris\u00eb Komunale t\u00eb Teatrit, t\u00eb cil\u00ebve u \u00ebsht\u00eb dor\u00ebzuar menj\u00ebher\u00eb pas vrasjes.<\/p>\n<p><img decoding=\"async\" src=\"https:\/\/scontent.ftia14-1.fna.fbcdn.net\/v\/t1.15752-9\/317842056_927110815361103_2411596743770473496_n.png?_nc_cat=108&amp;ccb=1-7&amp;_nc_sid=ae9488&amp;_nc_ohc=eBqQCEkKP0cAX9Vx0Ga&amp;_nc_ht=scontent.ftia14-1.fna&amp;oh=03_AdRJIHd8-XQQXqFXd9prnJTXRMTN-G_3HuYxBrDtkg4x7g&amp;oe=63B3D002\" alt=\"Nuk ka asnj\u00eb p\u00ebrshkrim t\u00eb disponuesh\u00ebm\" \/><img decoding=\"async\" src=\"https:\/\/abcnews.al\/wp-content\/uploads\/2022\/12\/Videoframe_20221204_104557_com_huawei_himovie_overseas_edit_27164846449500-640x471.webp\" \/><\/p>\n","protected":false},"excerpt":{"rendered":"<p>25-vje\u00e7ari shqiptar q\u00eb q\u00eblloi n\u00eb kok\u00eb partneren e tij 19-vje\u00e7are n\u00eb banes\u00ebn e saj n\u00eb Pire, \u00ebsht\u00eb d\u00ebrguar para Prokuroris\u00eb dhe Hetuesit. Vras\u00ebsi i vet\u00eb-rr\u00ebfyer mb\u00ebrriti n\u00eb Gjykat\u00ebn e Pireut n\u00ebn masa drakonike sigurie, nd\u00ebrsa nuk pranoi t\u2019i p\u00ebrgjigjej pyetjes s\u00eb gazetar\u00ebve p\u00ebr motivin e vras\u00ebsjes s\u00eb eg\u00ebr. Mir\u00ebpo, duket se xhelozia patologjike e autorit [&hellip;]<\/p>\n","protected":false},"author":5,"featured_media":53586,"comment_status":"open","ping_status":"open","sticky":false,"template":"","format":"standard","meta":{"footnotes":""},"categories":[1,6332],"tags":[20828,20827],"class_list":{"0":"post-53585","1":"post","2":"type-post","3":"status-publish","4":"format-standard","5":"has-post-thumbnail","7":"category-aktualitet","8":"category-te-fundit","9":"tag-del-para-hetuesve-shqiptari-qe-vrau-te-dashuren-ne-greqi","10":"tag-foto-me-kapuc-dhe-maske"},"_links":{"self":[{"href":"https:\/\/jugulajm.net\/index.php?rest_route=\/wp\/v2\/posts\/53585","targetHints":{"allow":["GET"]}}],"collection":[{"href":"https:\/\/jugulajm.net\/index.php?rest_route=\/wp\/v2\/posts"}],"about":[{"href":"https:\/\/jugulajm.net\/index.php?rest_route=\/wp\/v2\/types\/post"}],"author":[{"embeddable":true,"href":"https:\/\/jugulajm.net\/index.php?rest_route=\/wp\/v2\/users\/5"}],"replies":[{"embeddable":true,"href":"https:\/\/jugulajm.net\/index.php?rest_route=%2Fwp%2Fv2%2Fcomments&post=53585"}],"version-history":[{"count":0,"href":"https:\/\/jugulajm.net\/index.php?rest_route=\/wp\/v2\/posts\/53585\/revisions"}],"wp:featuredmedia":[{"embeddable":true,"href":"https:\/\/jugulajm.net\/index.php?rest_route=\/wp\/v2\/media\/53586"}],"wp:attachment":[{"href":"https:\/\/jugulajm.net\/index.php?rest_route=%2Fwp%2Fv2%2Fmedia&parent=53585"}],"wp:term":[{"taxonomy":"category","embeddable":true,"href":"https:\/\/jugulajm.net\/index.php?rest_route=%2Fwp%2Fv2%2Fcategories&post=53585"},{"taxonomy":"post_tag","embeddable":true,"href":"https:\/\/jugulajm.net\/index.php?rest_route=%2Fwp%2Fv2%2Ftags&post=53585"}],"curies":[{"name":"wp","href":"https:\/\/api.w.org\/{rel}","templated":true}]}}