{"id":53505,"date":"2022-12-02T13:57:27","date_gmt":"2022-12-02T12:57:27","guid":{"rendered":"https:\/\/jugulajm.net\/?p=53505"},"modified":"2022-12-02T13:57:27","modified_gmt":"2022-12-02T12:57:27","slug":"foto-4-kandidatet-e-primareve-per-bashkine-sarande-perballe-anetaresise-dhe-simpatizanteve-te-pd-se","status":"publish","type":"post","link":"https:\/\/jugulajm.net\/?p=53505","title":{"rendered":"FOTO\/ 4 kandidat\u00ebt e &#8216;Primareve&#8217; p\u00ebr Bashkin\u00eb Sarand\u00eb, p\u00ebrball\u00eb an\u00ebtar\u00ebsis\u00eb dhe simpatizant\u00ebve t\u00eb PD-s\u00eb"},"content":{"rendered":"<p>4 Kandidatet e Partise Demokratike n\u00eb primare p\u00ebr bashin\u00eb e Sarandes dol\u00ebn p\u00ebrpara antar\u00ebsis\u00eb me projektin e tyre p\u00ebr drejtimin e k\u00ebsaj bashkie.<\/p>\n<p>Ata jan\u00eb:<\/p>\n<p><strong>Bankieri Ardit Cikuli,<\/strong><\/p>\n<p><strong> Biznesmeni Armando Magllara,<\/strong><\/p>\n<p><strong>Avokat Ilir Nikolla,<\/strong><\/p>\n<p><strong> Avokat Spiro Vaso.<\/strong><\/p>\n<p>Kryetaria e Partise Demokratike p\u00ebr Sarand\u00ebn Manjola Nikollo, duke folur n\u00eb k\u00ebt\u00eb prezantim vuri theksin tek vlerat e konkurimit q\u00eb ka kjo forcw politike, duke u dhene mundesin\u00eb disa kandidaturave t\u00eb p\u00ebrfshihen n\u00eb gar\u00eb p\u00ebr drejtimi e bashkis\u00eb.<\/p>\n<p>Gjat\u00eb prezantimit t\u00eb tyre t\u00eb kat\u00ebr kandidat\u00ebt vun\u00eb n\u00eb dukje r\u00ebnd\u00ebsin\u00eb e ndryshimit t\u00eb pushtetit local pasi sipas tyre, drejtuesit aktual\u00eb t\u00eb bashkis\u00eb Sarand\u00eb, ose jan\u00eb n\u00eb ndjekje penale ose jan\u00eb t\u00eb p\u00ebrfshir\u00eb n\u00eb korrupsion me p\u00ebrmasa gjigande.<\/p>\n<p>K\u00ebto primare n\u00eb Sarand\u00eb u cil\u00ebsuan mjaft positive per demokracine dhe lirin\u00eb e pjesmarries n\u00eb gar\u00eb, edhe nga deputetja Ina Zhupa e pranishme n\u00eb takim.<\/p>\n<p>Sipas saj tashm\u00eb jemi para nj\u00eb fakti kur partia demokratike ka p\u00ebrball\u00eb votuesit vlerat m\u00eb t\u00eb mira t\u00eb saj. N\u00eb k\u00ebt\u00eb prezantim primare n\u00eb Sarand\u00eb mungonte kandidati Robert Haxhi, i cili ka shprehur kandidatur\u00ebn e tij por q\u00eb nuk ishte i pranish\u00ebm n\u00eb takim.<\/p>\n<p>Nd\u00ebrkoh\u00eb nga Partia Socialiste nuk ka asnj\u00eb reagim se kush do t\u00eb jet\u00eb kandidati p\u00ebr bashkin\u00eb e Sarand\u00ebs. M\u00ebsohet se kryetari aktual Adrian Gurma, mund t\u00eb jet\u00eb nj\u00eb nga kandidat\u00ebt e mund\u00ebsh\u00ebm n\u00eb zgjedhjet loale t\u00eb 14 majit por q\u00eb edne nuk ka asnj\u00eb njoftim zyrtar nga kjo forc\u00eb politike.<\/p>\n<p><img decoding=\"async\" src=\"https:\/\/scontent.ftia14-1.fna.fbcdn.net\/v\/t1.15752-9\/316095621_3309132686022065_431897565377639237_n.jpg?stp=dst-jpg_s2048x2048&amp;_nc_cat=109&amp;ccb=1-7&amp;_nc_sid=ae9488&amp;_nc_ohc=8Y611ezNXlEAX_bMZ2e&amp;_nc_ht=scontent.ftia14-1.fna&amp;oh=03_AdTF1z6tHiw7KvhWk176wRJvarNCD_kLTDkhVLUc9WuK-A&amp;oe=63B1466A\" alt=\"Nuk ka asnj\u00eb p\u00ebrshkrim t\u00eb disponuesh\u00ebm\" \/><img decoding=\"async\" src=\"https:\/\/scontent.ftia14-1.fna.fbcdn.net\/v\/t1.15752-9\/313031980_1555189344952291_8392775347033475834_n.jpg?stp=dst-jpg_s2048x2048&amp;_nc_cat=104&amp;ccb=1-7&amp;_nc_sid=ae9488&amp;_nc_ohc=AW1m6uVyLRoAX-TaY3k&amp;_nc_ht=scontent.ftia14-1.fna&amp;oh=03_AdTNHPGQuH4oaf2lLcSTrs3u1OcXDTv0KN5CEv9P_1azbA&amp;oe=63B16D9C\" alt=\"Nuk ka asnj\u00eb p\u00ebrshkrim t\u00eb disponuesh\u00ebm\" \/><img decoding=\"async\" src=\"https:\/\/scontent.ftia14-1.fna.fbcdn.net\/v\/t1.15752-9\/316868250_1482814922241445_9029850897258009148_n.jpg?stp=dst-jpg_s2048x2048&amp;_nc_cat=103&amp;ccb=1-7&amp;_nc_sid=ae9488&amp;_nc_ohc=cLn8aBYquMoAX_z4s5y&amp;_nc_ht=scontent.ftia14-1.fna&amp;oh=03_AdSWj-G0EUAA415SL9y8m4pq7xa_vEM08stIgHgW3p8o4w&amp;oe=63B1776B\" alt=\"Nuk ka asnj\u00eb p\u00ebrshkrim t\u00eb disponuesh\u00ebm\" \/><img decoding=\"async\" src=\"https:\/\/scontent.ftia14-1.fna.fbcdn.net\/v\/t1.15752-9\/314421094_464325855781906_4065963991507719657_n.jpg?stp=dst-jpg_s2048x2048&amp;_nc_cat=109&amp;ccb=1-7&amp;_nc_sid=ae9488&amp;_nc_ohc=lKCjzCMt1FQAX_ALUce&amp;_nc_ht=scontent.ftia14-1.fna&amp;oh=03_AdT1tkYfchgxGOJ0n5F5W9vKtVeSQpyP605z1Yn7_taMkw&amp;oe=63B15F3E\" alt=\"Nuk ka asnj\u00eb p\u00ebrshkrim t\u00eb disponuesh\u00ebm\" \/><img decoding=\"async\" src=\"https:\/\/scontent.ftia14-1.fna.fbcdn.net\/v\/t1.15752-9\/316219971_1077878176237430_2121434042689019980_n.jpg?stp=dst-jpg_s2048x2048&amp;_nc_cat=104&amp;ccb=1-7&amp;_nc_sid=ae9488&amp;_nc_ohc=3vdgCXHiPjkAX8HUJTh&amp;_nc_ht=scontent.ftia14-1.fna&amp;oh=03_AdTa3NCI4zhDDOw6J1A3ovsaNzJeBopoNxoC_sFQ-hkx9A&amp;oe=63B157A7\" alt=\"Nuk ka asnj\u00eb p\u00ebrshkrim t\u00eb disponuesh\u00ebm\" \/><img decoding=\"async\" src=\"https:\/\/scontent.ftia14-1.fna.fbcdn.net\/v\/t1.15752-9\/311948557_1160947617847944_7182676473106578979_n.jpg?stp=dst-jpg_s2048x2048&amp;_nc_cat=100&amp;ccb=1-7&amp;_nc_sid=ae9488&amp;_nc_ohc=vcCVPhXT7RsAX_IepC4&amp;_nc_ht=scontent.ftia14-1.fna&amp;oh=03_AdTbCpDVoPz-2BBVtHONYDFCMZ8K32u4a7amGKzpjBX-5A&amp;oe=63B169D4\" alt=\"Nuk ka asnj\u00eb p\u00ebrshkrim t\u00eb disponuesh\u00ebm\" \/><\/p>\n","protected":false},"excerpt":{"rendered":"<p>4 Kandidatet e Partise Demokratike n\u00eb primare p\u00ebr bashin\u00eb e Sarandes dol\u00ebn p\u00ebrpara antar\u00ebsis\u00eb me projektin e tyre p\u00ebr drejtimin e k\u00ebsaj bashkie. Ata jan\u00eb: Bankieri Ardit Cikuli, Biznesmeni Armando Magllara, Avokat Ilir Nikolla, Avokat Spiro Vaso. Kryetaria e Partise Demokratike p\u00ebr Sarand\u00ebn Manjola Nikollo, duke folur n\u00eb k\u00ebt\u00eb prezantim vuri theksin tek vlerat e [&hellip;]<\/p>\n","protected":false},"author":5,"featured_media":53506,"comment_status":"open","ping_status":"open","sticky":false,"template":"","format":"standard","meta":{"footnotes":""},"categories":[6326,6332],"tags":[20791,20792],"class_list":{"0":"post-53505","1":"post","2":"type-post","3":"status-publish","4":"format-standard","5":"has-post-thumbnail","7":"category-politike","8":"category-te-fundit","9":"tag-foto-4-kandidatet-e-primareve-per-bashkine-sarande","10":"tag-perballe-anetaresise-dhe-simpatizanteve-te-pd-se"},"_links":{"self":[{"href":"https:\/\/jugulajm.net\/index.php?rest_route=\/wp\/v2\/posts\/53505","targetHints":{"allow":["GET"]}}],"collection":[{"href":"https:\/\/jugulajm.net\/index.php?rest_route=\/wp\/v2\/posts"}],"about":[{"href":"https:\/\/jugulajm.net\/index.php?rest_route=\/wp\/v2\/types\/post"}],"author":[{"embeddable":true,"href":"https:\/\/jugulajm.net\/index.php?rest_route=\/wp\/v2\/users\/5"}],"replies":[{"embeddable":true,"href":"https:\/\/jugulajm.net\/index.php?rest_route=%2Fwp%2Fv2%2Fcomments&post=53505"}],"version-history":[{"count":0,"href":"https:\/\/jugulajm.net\/index.php?rest_route=\/wp\/v2\/posts\/53505\/revisions"}],"wp:featuredmedia":[{"embeddable":true,"href":"https:\/\/jugulajm.net\/index.php?rest_route=\/wp\/v2\/media\/53506"}],"wp:attachment":[{"href":"https:\/\/jugulajm.net\/index.php?rest_route=%2Fwp%2Fv2%2Fmedia&parent=53505"}],"wp:term":[{"taxonomy":"category","embeddable":true,"href":"https:\/\/jugulajm.net\/index.php?rest_route=%2Fwp%2Fv2%2Fcategories&post=53505"},{"taxonomy":"post_tag","embeddable":true,"href":"https:\/\/jugulajm.net\/index.php?rest_route=%2Fwp%2Fv2%2Ftags&post=53505"}],"curies":[{"name":"wp","href":"https:\/\/api.w.org\/{rel}","templated":true}]}}