{"id":53464,"date":"2022-12-01T09:03:30","date_gmt":"2022-12-01T08:03:30","guid":{"rendered":"https:\/\/jugulajm.net\/?p=53464"},"modified":"2022-12-01T09:04:30","modified_gmt":"2022-12-01T08:04:30","slug":"lajm-i-fundit-aksidente-ne-rrugen-sarande-gjirokaster-ka-te-plagosur","status":"publish","type":"post","link":"https:\/\/jugulajm.net\/?p=53464","title":{"rendered":"LAJM I FUNDIT\/ Aksident n\u00eb rrug\u00ebn Sarand\u00eb-Gjirokast\u00ebr, ka t\u00eb plagosur"},"content":{"rendered":"<p>Aksident n\u00eb aksin rrugor Sarand\u00eb-Gjirokast\u00ebr. Ngjarja ndodhi rreth or\u00ebs 07:30, n\u00eb Sk\u00ebrfic\u00eb. Burime zyrtare nga policia b\u00ebn\u00eb me dije se nj\u00eb automjet tip \u201cSkoda\u201d me drejtues shtetasin me inicialet D. Rr., \u00ebsht\u00eb p\u00ebrplasur me nj\u00eb automjet tip \u201cNisan\u201d me drejtues shtetasin B. M.<\/p>\n<p>Si pasoj\u00eb e p\u00ebrplasjes ka mbetur i d\u00ebmtuar shtetasi D. Rr, i cili ndodhet n\u00eb spital, n\u00ebn kujdesin e mjek\u00ebve.<\/p>\n<p>N\u00eb vendngjarje ndodhet grupi hetimor, i cili po kryen veprimet e m\u00ebtejshme n\u00eb lidhje me sqarimin e rrethanave t\u00eb aksidentit.<\/p>\n","protected":false},"excerpt":{"rendered":"<p>Aksident n\u00eb aksin rrugor Sarand\u00eb-Gjirokast\u00ebr. Ngjarja ndodhi rreth or\u00ebs 07:30, n\u00eb Sk\u00ebrfic\u00eb. Burime zyrtare nga policia b\u00ebn\u00eb me dije se nj\u00eb automjet tip \u201cSkoda\u201d me drejtues shtetasin me inicialet D. Rr., \u00ebsht\u00eb p\u00ebrplasur me nj\u00eb automjet tip \u201cNisan\u201d me drejtues shtetasin B. M. Si pasoj\u00eb e p\u00ebrplasjes ka mbetur i d\u00ebmtuar shtetasi D. Rr, i [&hellip;]<\/p>\n","protected":false},"author":5,"featured_media":48943,"comment_status":"open","ping_status":"open","sticky":false,"template":"","format":"standard","meta":{"footnotes":""},"categories":[1,20214,6332],"tags":[20311,20770],"class_list":{"0":"post-53464","1":"post","2":"type-post","3":"status-publish","4":"format-standard","5":"has-post-thumbnail","7":"category-aktualitet","8":"category-sondazhe","9":"category-te-fundit","10":"tag-ka-te-plagosur","11":"tag-lajm-i-fundit-aksidente-ne-rrugen-sarande-gjirokaster"},"_links":{"self":[{"href":"https:\/\/jugulajm.net\/index.php?rest_route=\/wp\/v2\/posts\/53464","targetHints":{"allow":["GET"]}}],"collection":[{"href":"https:\/\/jugulajm.net\/index.php?rest_route=\/wp\/v2\/posts"}],"about":[{"href":"https:\/\/jugulajm.net\/index.php?rest_route=\/wp\/v2\/types\/post"}],"author":[{"embeddable":true,"href":"https:\/\/jugulajm.net\/index.php?rest_route=\/wp\/v2\/users\/5"}],"replies":[{"embeddable":true,"href":"https:\/\/jugulajm.net\/index.php?rest_route=%2Fwp%2Fv2%2Fcomments&post=53464"}],"version-history":[{"count":0,"href":"https:\/\/jugulajm.net\/index.php?rest_route=\/wp\/v2\/posts\/53464\/revisions"}],"wp:featuredmedia":[{"embeddable":true,"href":"https:\/\/jugulajm.net\/index.php?rest_route=\/wp\/v2\/media\/48943"}],"wp:attachment":[{"href":"https:\/\/jugulajm.net\/index.php?rest_route=%2Fwp%2Fv2%2Fmedia&parent=53464"}],"wp:term":[{"taxonomy":"category","embeddable":true,"href":"https:\/\/jugulajm.net\/index.php?rest_route=%2Fwp%2Fv2%2Fcategories&post=53464"},{"taxonomy":"post_tag","embeddable":true,"href":"https:\/\/jugulajm.net\/index.php?rest_route=%2Fwp%2Fv2%2Ftags&post=53464"}],"curies":[{"name":"wp","href":"https:\/\/api.w.org\/{rel}","templated":true}]}}