{"id":53392,"date":"2022-11-28T18:52:58","date_gmt":"2022-11-28T17:52:58","guid":{"rendered":"https:\/\/jugulajm.net\/?p=53392"},"modified":"2022-11-28T18:52:58","modified_gmt":"2022-11-28T17:52:58","slug":"samiti-i-6-dhjetorit-mitsotakis-ne-tirane-dhe-ne-nje-qytet-tjeter-ja-se-ku","status":"publish","type":"post","link":"https:\/\/jugulajm.net\/?p=53392","title":{"rendered":"Samiti i 6 dhjetorit, Mitsotakis n\u00eb Tiran\u00eb dhe n\u00eb nj\u00eb qytet tjet\u00ebr, ja se ku&#8230;"},"content":{"rendered":"<p>M\u00eb 6 dhjetor n\u00eb Shqip\u00ebri do t\u00eb mbahet samiti i Bashkimit Europian me Ballkanin Per\u00ebndimor. N\u00eb k\u00ebt\u00eb dat\u00eb pritet q\u00eb krer\u00ebt e vendeve t\u00eb Bashkimit Europian t\u00eb mb\u00ebrrijn\u00eb n\u00eb Tiran\u00eb.<\/p>\n<p>Nd\u00ebrkoh\u00eb mes tyre do t\u00eb jet\u00eb edhe kryeministri grek Kyriakos Mitsotakis.<\/p>\n<p>Por media greke, shkojn\u00eb edhe m\u00eb tej p\u00ebr sa i p\u00ebrket vizit\u00ebs s\u00eb Mitsotakis n\u00eb Shqip\u00ebri.<\/p>\n<p>Sipas tyre pas vizitave zyrtare n\u00eb Tiran\u00eb, kryeministri Kyriakos Mitsotakis, jav\u00ebn e par\u00eb t\u00eb dhjetorit do t\u00eb zhvilloj\u00eb nj\u00eb vizit\u00eb edhe n\u00eb Himar\u00eb.<\/p>\n<p>Ende nuk ka detaje lidhur me vizit\u00ebn e planifikuar t\u00eb Kyriakos Mitsotakis n\u00eb Himar\u00eb.<\/p>\n","protected":false},"excerpt":{"rendered":"<p>M\u00eb 6 dhjetor n\u00eb Shqip\u00ebri do t\u00eb mbahet samiti i Bashkimit Europian me Ballkanin Per\u00ebndimor. N\u00eb k\u00ebt\u00eb dat\u00eb pritet q\u00eb krer\u00ebt e vendeve t\u00eb Bashkimit Europian t\u00eb mb\u00ebrrijn\u00eb n\u00eb Tiran\u00eb. Nd\u00ebrkoh\u00eb mes tyre do t\u00eb jet\u00eb edhe kryeministri grek Kyriakos Mitsotakis. Por media greke, shkojn\u00eb edhe m\u00eb tej p\u00ebr sa i p\u00ebrket vizit\u00ebs s\u00eb Mitsotakis [&hellip;]<\/p>\n","protected":false},"author":5,"featured_media":53393,"comment_status":"open","ping_status":"open","sticky":false,"template":"","format":"standard","meta":{"footnotes":""},"categories":[6326,6332],"tags":[20740,20739,20738],"class_list":{"0":"post-53392","1":"post","2":"type-post","3":"status-publish","4":"format-standard","5":"has-post-thumbnail","7":"category-politike","8":"category-te-fundit","9":"tag-ja-se-ku","10":"tag-mitsotakis-ne-tirane-dhe-ne-nje-qytet-tjeter","11":"tag-samiti-i-6-dhjetorit"},"_links":{"self":[{"href":"https:\/\/jugulajm.net\/index.php?rest_route=\/wp\/v2\/posts\/53392","targetHints":{"allow":["GET"]}}],"collection":[{"href":"https:\/\/jugulajm.net\/index.php?rest_route=\/wp\/v2\/posts"}],"about":[{"href":"https:\/\/jugulajm.net\/index.php?rest_route=\/wp\/v2\/types\/post"}],"author":[{"embeddable":true,"href":"https:\/\/jugulajm.net\/index.php?rest_route=\/wp\/v2\/users\/5"}],"replies":[{"embeddable":true,"href":"https:\/\/jugulajm.net\/index.php?rest_route=%2Fwp%2Fv2%2Fcomments&post=53392"}],"version-history":[{"count":0,"href":"https:\/\/jugulajm.net\/index.php?rest_route=\/wp\/v2\/posts\/53392\/revisions"}],"wp:featuredmedia":[{"embeddable":true,"href":"https:\/\/jugulajm.net\/index.php?rest_route=\/wp\/v2\/media\/53393"}],"wp:attachment":[{"href":"https:\/\/jugulajm.net\/index.php?rest_route=%2Fwp%2Fv2%2Fmedia&parent=53392"}],"wp:term":[{"taxonomy":"category","embeddable":true,"href":"https:\/\/jugulajm.net\/index.php?rest_route=%2Fwp%2Fv2%2Fcategories&post=53392"},{"taxonomy":"post_tag","embeddable":true,"href":"https:\/\/jugulajm.net\/index.php?rest_route=%2Fwp%2Fv2%2Ftags&post=53392"}],"curies":[{"name":"wp","href":"https:\/\/api.w.org\/{rel}","templated":true}]}}