{"id":53380,"date":"2022-11-28T13:06:15","date_gmt":"2022-11-28T12:06:15","guid":{"rendered":"https:\/\/jugulajm.net\/?p=53380"},"modified":"2022-11-28T13:06:15","modified_gmt":"2022-11-28T12:06:15","slug":"110-vjetori-i-pavaresise-ceremonia-e-ngritjes-se-flamurit-ne-vlore","status":"publish","type":"post","link":"https:\/\/jugulajm.net\/?p=53380","title":{"rendered":"110-vjetori i Pavar\u00ebsis\u00eb, ceremonia e ngritjes s\u00eb Flamurit n\u00eb Vlor\u00eb"},"content":{"rendered":"<p>N\u00eb Vlor\u00eb eshte zhvilluar ceremonia e ngritjes s\u00eb flamurit me rastin e 110 vjetorit t\u00eb Pavar\u00ebsis\u00eb.<\/p>\n<p>T\u00eb pranish\u00ebm jan\u00eb Presidenti Bajram Begaj, kryeministri Edi Rama, Kryetarja e Kuvendit, Lindita Nikolla, kryebashkiaku Dritan Leli, si edhe kryeministri i Kosov\u00ebs, Albin Kurti,\u00a0presidentja Vjosa Osmani, si edhe kryeparlamentari Glauk Konjufca.<\/p>\n<p>Nj\u00eb dit\u00eb m\u00eb par\u00eb n\u00eb parlamentin e Shqip\u00ebris\u00eb u zhvillua seanca e par\u00eb e p\u00ebrbashk\u00ebt e dy kuvendeve t\u00eb Shqip\u00ebris\u00eb dhe Kosov\u00ebs.<\/p>\n","protected":false},"excerpt":{"rendered":"<p>N\u00eb Vlor\u00eb eshte zhvilluar ceremonia e ngritjes s\u00eb flamurit me rastin e 110 vjetorit t\u00eb Pavar\u00ebsis\u00eb. T\u00eb pranish\u00ebm jan\u00eb Presidenti Bajram Begaj, kryeministri Edi Rama, Kryetarja e Kuvendit, Lindita Nikolla, kryebashkiaku Dritan Leli, si edhe kryeministri i Kosov\u00ebs, Albin Kurti,\u00a0presidentja Vjosa Osmani, si edhe kryeparlamentari Glauk Konjufca. Nj\u00eb dit\u00eb m\u00eb par\u00eb n\u00eb parlamentin e Shqip\u00ebris\u00eb [&hellip;]<\/p>\n","protected":false},"author":5,"featured_media":53381,"comment_status":"open","ping_status":"open","sticky":false,"template":"","format":"standard","meta":{"footnotes":""},"categories":[1,6332],"tags":[20729,20730],"class_list":{"0":"post-53380","1":"post","2":"type-post","3":"status-publish","4":"format-standard","5":"has-post-thumbnail","7":"category-aktualitet","8":"category-te-fundit","9":"tag-110-vjetori-i-pavaresise","10":"tag-ceremonia-e-ngritjes-se-flamurit-ne-vlore"},"_links":{"self":[{"href":"https:\/\/jugulajm.net\/index.php?rest_route=\/wp\/v2\/posts\/53380","targetHints":{"allow":["GET"]}}],"collection":[{"href":"https:\/\/jugulajm.net\/index.php?rest_route=\/wp\/v2\/posts"}],"about":[{"href":"https:\/\/jugulajm.net\/index.php?rest_route=\/wp\/v2\/types\/post"}],"author":[{"embeddable":true,"href":"https:\/\/jugulajm.net\/index.php?rest_route=\/wp\/v2\/users\/5"}],"replies":[{"embeddable":true,"href":"https:\/\/jugulajm.net\/index.php?rest_route=%2Fwp%2Fv2%2Fcomments&post=53380"}],"version-history":[{"count":0,"href":"https:\/\/jugulajm.net\/index.php?rest_route=\/wp\/v2\/posts\/53380\/revisions"}],"wp:featuredmedia":[{"embeddable":true,"href":"https:\/\/jugulajm.net\/index.php?rest_route=\/wp\/v2\/media\/53381"}],"wp:attachment":[{"href":"https:\/\/jugulajm.net\/index.php?rest_route=%2Fwp%2Fv2%2Fmedia&parent=53380"}],"wp:term":[{"taxonomy":"category","embeddable":true,"href":"https:\/\/jugulajm.net\/index.php?rest_route=%2Fwp%2Fv2%2Fcategories&post=53380"},{"taxonomy":"post_tag","embeddable":true,"href":"https:\/\/jugulajm.net\/index.php?rest_route=%2Fwp%2Fv2%2Ftags&post=53380"}],"curies":[{"name":"wp","href":"https:\/\/api.w.org\/{rel}","templated":true}]}}