{"id":53328,"date":"2022-11-26T14:21:32","date_gmt":"2022-11-26T13:21:32","guid":{"rendered":"https:\/\/jugulajm.net\/?p=53328"},"modified":"2022-11-26T14:21:32","modified_gmt":"2022-11-26T13:21:32","slug":"lajm-i-mire-per-shqiptaret-gjermania-letesohen-procedurat-per-marrjen-e-nenshtetesise","status":"publish","type":"post","link":"https:\/\/jugulajm.net\/?p=53328","title":{"rendered":"Lajm i mir\u00eb p\u00ebr shqiptar\u00ebt, Gjermania let\u00ebsohen procedurat p\u00ebr marrjen e n\u00ebnshtet\u00ebsis\u00eb"},"content":{"rendered":"<p>Lajm i mir\u00eb p\u00ebr mij\u00ebra shqiptar\u00eb q\u00eb punojn\u00eb e banojn\u00eb n\u00eb Gjermani.<\/p>\n<p>Qeveria gjermane po mendon t\u00eb \u00e7oj\u00eb p\u00ebrpara planet p\u00ebr t\u00eb leht\u00ebsuar rregullat e marrjes s\u00eb shtet\u00ebsis\u00eb n\u00eb vendin m\u00eb t\u00eb populluar t\u00eb Bashkimit Europian, nj\u00eb p\u00ebrpjekje kjo q\u00eb po sulmohet nga opozita konservatore. Sot p\u00ebrmes nj\u00eb videomesazhi, kancelari OIaf Scholz tha se \u201cprej koh\u00ebsh, Gjermania \u00ebsht\u00eb b\u00ebr\u00eb vendi i shpres\u00ebs p\u00ebr shum\u00eb njer\u00ebz e \u00ebsht\u00eb di\u00e7ka e mir\u00eb kur njer\u00ebzit q\u00eb kan\u00eb vendosur rr\u00ebnj\u00eb n\u00eb vend, vendosin t\u00eb marrin n\u00ebnshtet\u00ebsin\u00eb\u201d.<\/p>\n<p>Gjermania ka nevoj\u00eb p\u00ebr rregulla m\u00eb t\u00eb mira p\u00ebr natyralizimin e t\u00eb gjith\u00eb k\u00ebtyre grave dhe burrave t\u00eb m\u00ebdhenj.<\/p>\n<p>Rishikimi i rregullave t\u00eb shtet\u00ebsis\u00eb \u00ebsht\u00eb nj\u00eb nga nj\u00eb seri reformash modernizuese p\u00ebr t\u00eb cilat koalicioni tre-partiak i socialdemokrat\u00ebve t\u00eb qendr\u00ebs s\u00eb majt\u00eb t\u00eb Scholz-it, ran\u00eb dakord t\u00eb trajtojn\u00eb kur mori detyr\u00ebn dhjetorin e kaluar.<\/p>\n<p>Ministria e Brendshme njoftoi se \u201cprojektligji \u00ebsht\u00eb thuajse gati\u201d.<\/p>\n<p>Marr\u00ebveshja e koalicionit t\u00eb vitit t\u00eb kaluar k\u00ebrkon q\u00eb njer\u00ebzit t\u00eb ken\u00eb t\u00eb drejt\u00eb p\u00ebr n\u00ebnshtet\u00ebsin\u00eb gjermane pas pes\u00eb vjet\u00ebsh ose tre, n\u00eb rast t\u00eb arritjeve t\u00eb ve\u00e7anta t\u00eb integrimit. Kjo n\u00eb vend t\u00eb tet\u00eb apo gjasht\u00eb vitesh sa \u00ebsht\u00eb rregulli aktualisht. F\u00ebmij\u00ebt e lindur n\u00eb Gjermani, automatikisht do t\u00eb b\u00ebhen shtetas n\u00ebse nj\u00ebri prind ka qen\u00eb rezident i ligjsh\u00ebm p\u00ebr pes\u00eb vjet.<\/p>\n<p>Gjithashtu, qeveria d\u00ebshiron t\u00eb heq\u00eb kufizimet p\u00ebr mbajtjen e shtet\u00ebsis\u00eb s\u00eb dyfisht\u00eb. N\u00eb parim, shumica e njer\u00ebzve nga vende t\u00eb tjera p\u00ebrve\u00e7 an\u00ebtar\u00ebve t\u00eb Bashkimit Europian dhe Zvicr\u00ebs, aktualisht duhet t\u00eb heqin dor\u00eb nga shtet\u00ebsia e tyre e m\u00ebparshme kur t\u00eb fitojn\u00eb at\u00eb gjermane, megjith\u00ebse ka disa p\u00ebrjashtime. Ministrja e Brendshme, Nancy Faeser argumentoi se \u201creduktimi i koh\u00ebs s\u00eb pritjes p\u00ebr t\u2019u kualifikuar p\u00ebr shtet\u00ebsi \u00ebsht\u00eb nj\u00eb nxitje p\u00ebr integrim\u201d.<\/p>\n<p>Q\u00ebllimi \u00ebsht\u00eb t\u00eb pasqyroj\u00eb realitetin. Ne jemi nj\u00eb vend i larmish\u00ebm, modern i emigracionit dhe mendoj se legjislacioni duhet ta pasqyroj\u00eb k\u00ebt\u00eb. Statistikat zyrtare tregojn\u00eb se rreth 132 mij\u00eb njer\u00ebz mor\u00ebn shtet\u00ebsin\u00eb gjermane vitin e kaluar, nj\u00eb e kat\u00ebrta e tyre qytetar\u00eb t\u00eb vendeve t\u00eb tjera t\u00eb BE-s\u00eb. Numri ishte 20 p\u00ebr qind m\u00eb i lart\u00eb se nj\u00eb vit m\u00eb par\u00eb, pjes\u00ebrisht p\u00ebr shkak se nj\u00eb num\u00ebr n\u00eb rritje i sirian\u00ebve u natyralizuan. Popullsia e p\u00ebrgjithshme e Gjermanis\u00eb \u00ebsht\u00eb rreth 84 milion. Blloku kryesor i opozit\u00ebs s\u00eb qendr\u00ebs s\u00eb djatht\u00eb, kund\u00ebrshton planet p\u00ebr t\u00eb liberalizuar ligjet e natyralizimit.<\/p>\n","protected":false},"excerpt":{"rendered":"<p>Lajm i mir\u00eb p\u00ebr mij\u00ebra shqiptar\u00eb q\u00eb punojn\u00eb e banojn\u00eb n\u00eb Gjermani. Qeveria gjermane po mendon t\u00eb \u00e7oj\u00eb p\u00ebrpara planet p\u00ebr t\u00eb leht\u00ebsuar rregullat e marrjes s\u00eb shtet\u00ebsis\u00eb n\u00eb vendin m\u00eb t\u00eb populluar t\u00eb Bashkimit Europian, nj\u00eb p\u00ebrpjekje kjo q\u00eb po sulmohet nga opozita konservatore. Sot p\u00ebrmes nj\u00eb videomesazhi, kancelari OIaf Scholz tha se \u201cprej [&hellip;]<\/p>\n","protected":false},"author":5,"featured_media":46163,"comment_status":"open","ping_status":"open","sticky":false,"template":"","format":"standard","meta":{"footnotes":""},"categories":[1,7664,6332],"tags":[20707,20706],"class_list":{"0":"post-53328","1":"post","2":"type-post","3":"status-publish","4":"format-standard","5":"has-post-thumbnail","7":"category-aktualitet","8":"category-bota","9":"category-te-fundit","10":"tag-gjermania-letesohen-procedurat-per-marrjen-e-nenshtetesise","11":"tag-lajm-i-mire-per-shqiptaret"},"_links":{"self":[{"href":"https:\/\/jugulajm.net\/index.php?rest_route=\/wp\/v2\/posts\/53328","targetHints":{"allow":["GET"]}}],"collection":[{"href":"https:\/\/jugulajm.net\/index.php?rest_route=\/wp\/v2\/posts"}],"about":[{"href":"https:\/\/jugulajm.net\/index.php?rest_route=\/wp\/v2\/types\/post"}],"author":[{"embeddable":true,"href":"https:\/\/jugulajm.net\/index.php?rest_route=\/wp\/v2\/users\/5"}],"replies":[{"embeddable":true,"href":"https:\/\/jugulajm.net\/index.php?rest_route=%2Fwp%2Fv2%2Fcomments&post=53328"}],"version-history":[{"count":0,"href":"https:\/\/jugulajm.net\/index.php?rest_route=\/wp\/v2\/posts\/53328\/revisions"}],"wp:featuredmedia":[{"embeddable":true,"href":"https:\/\/jugulajm.net\/index.php?rest_route=\/wp\/v2\/media\/46163"}],"wp:attachment":[{"href":"https:\/\/jugulajm.net\/index.php?rest_route=%2Fwp%2Fv2%2Fmedia&parent=53328"}],"wp:term":[{"taxonomy":"category","embeddable":true,"href":"https:\/\/jugulajm.net\/index.php?rest_route=%2Fwp%2Fv2%2Fcategories&post=53328"},{"taxonomy":"post_tag","embeddable":true,"href":"https:\/\/jugulajm.net\/index.php?rest_route=%2Fwp%2Fv2%2Ftags&post=53328"}],"curies":[{"name":"wp","href":"https:\/\/api.w.org\/{rel}","templated":true}]}}