{"id":53290,"date":"2022-11-25T11:49:00","date_gmt":"2022-11-25T10:49:00","guid":{"rendered":"https:\/\/jugulajm.net\/?p=53290"},"modified":"2022-11-25T11:49:00","modified_gmt":"2022-11-25T10:49:00","slug":"dhunuan-avokatin-pas-gjyqit-per-pronen-arrestohet-32-vjecari-nen-hetim-70-vjecari","status":"publish","type":"post","link":"https:\/\/jugulajm.net\/?p=53290","title":{"rendered":"Dhunuan avokatin pas gjyqit p\u00ebr pron\u00ebn, arrestohet 32-vje\u00e7ari, n\u00ebn hetim 70-vje\u00e7ari"},"content":{"rendered":"<p>Nj\u00eb 32-vje\u00e7ar, i cili dit\u00ebn e djeshme dhunoi me grushte nj\u00eb avokat n\u00eb Fier pas nj\u00eb seance gjyq\u00ebsore, \u00ebsht\u00eb arrestuar nga policia.<\/p>\n<p>Burime zyrtare nga policia b\u00ebjn\u00eb me dije se n\u00eb pranga ra 32-vje\u00e7ari me iniciale I.V.<\/p>\n<p>Po ashtu, u mor n\u00ebn hetim n\u00eb gjendje t\u00eb lir\u00eb 70-vje\u00e7ari J.V. Gjyqi p\u00ebr \u00e7\u00ebshtje pron\u00ebsie p\u00ebrfundoi me rrahjen e avokatit dje n\u00eb Gjykat\u00ebn e Fierit.<\/p>\n<p>Ngjarja ndodhi pran\u00eb gjykat\u00ebs s\u00eb Fierit n\u00eb p\u00ebrfundim t\u00eb nj\u00eb seance gjyq\u00ebsore, aty ku pasi kan\u00eb dal\u00eb nga godina e gjykat\u00ebs, pal\u00ebt jan\u00eb konfliktuar me nj\u00ebra-tjetr\u00ebn, duke p\u00ebrfunduar n\u00eb\u00a0 sherr.<\/p>\n<p>Grushteve nuk i shp\u00ebtoi as avokati.<\/p>\n<p>Nd\u00ebrkoh\u00eb, grupi hetimor po kryhen veprimet p\u00ebr zbardhjen e plot\u00eb t\u00eb ngjarjes.<\/p>\n","protected":false},"excerpt":{"rendered":"<p>Nj\u00eb 32-vje\u00e7ar, i cili dit\u00ebn e djeshme dhunoi me grushte nj\u00eb avokat n\u00eb Fier pas nj\u00eb seance gjyq\u00ebsore, \u00ebsht\u00eb arrestuar nga policia. Burime zyrtare nga policia b\u00ebjn\u00eb me dije se n\u00eb pranga ra 32-vje\u00e7ari me iniciale I.V. Po ashtu, u mor n\u00ebn hetim n\u00eb gjendje t\u00eb lir\u00eb 70-vje\u00e7ari J.V. Gjyqi p\u00ebr \u00e7\u00ebshtje pron\u00ebsie p\u00ebrfundoi me [&hellip;]<\/p>\n","protected":false},"author":5,"featured_media":52095,"comment_status":"open","ping_status":"open","sticky":false,"template":"","format":"standard","meta":{"footnotes":""},"categories":[1,6332],"tags":[20688,20687,20689],"class_list":{"0":"post-53290","1":"post","2":"type-post","3":"status-publish","4":"format-standard","5":"has-post-thumbnail","7":"category-aktualitet","8":"category-te-fundit","9":"tag-arrestohet-32-vjecari","10":"tag-dhunuan-avokatin-pas-gjyqit-per-pronen","11":"tag-nen-hetim-70-vjecari"},"_links":{"self":[{"href":"https:\/\/jugulajm.net\/index.php?rest_route=\/wp\/v2\/posts\/53290","targetHints":{"allow":["GET"]}}],"collection":[{"href":"https:\/\/jugulajm.net\/index.php?rest_route=\/wp\/v2\/posts"}],"about":[{"href":"https:\/\/jugulajm.net\/index.php?rest_route=\/wp\/v2\/types\/post"}],"author":[{"embeddable":true,"href":"https:\/\/jugulajm.net\/index.php?rest_route=\/wp\/v2\/users\/5"}],"replies":[{"embeddable":true,"href":"https:\/\/jugulajm.net\/index.php?rest_route=%2Fwp%2Fv2%2Fcomments&post=53290"}],"version-history":[{"count":0,"href":"https:\/\/jugulajm.net\/index.php?rest_route=\/wp\/v2\/posts\/53290\/revisions"}],"wp:featuredmedia":[{"embeddable":true,"href":"https:\/\/jugulajm.net\/index.php?rest_route=\/wp\/v2\/media\/52095"}],"wp:attachment":[{"href":"https:\/\/jugulajm.net\/index.php?rest_route=%2Fwp%2Fv2%2Fmedia&parent=53290"}],"wp:term":[{"taxonomy":"category","embeddable":true,"href":"https:\/\/jugulajm.net\/index.php?rest_route=%2Fwp%2Fv2%2Fcategories&post=53290"},{"taxonomy":"post_tag","embeddable":true,"href":"https:\/\/jugulajm.net\/index.php?rest_route=%2Fwp%2Fv2%2Ftags&post=53290"}],"curies":[{"name":"wp","href":"https:\/\/api.w.org\/{rel}","templated":true}]}}