{"id":53243,"date":"2022-11-23T14:05:38","date_gmt":"2022-11-23T13:05:38","guid":{"rendered":"https:\/\/jugulajm.net\/?p=53243"},"modified":"2022-11-23T14:06:07","modified_gmt":"2022-11-23T13:06:07","slug":"emri-ishte-ne-kerkim-per-plagosje-arrestohet-46-vjecari","status":"publish","type":"post","link":"https:\/\/jugulajm.net\/?p=53243","title":{"rendered":"EMRI\/ Ishte n\u00eb k\u00ebrkim p\u00ebr plagosje, arrestohet 46-vje\u00e7ari"},"content":{"rendered":"<p>Specialist\u00ebt p\u00ebr Hetimin e Krimeve t\u00eb Komisariatit t\u00eb Policis\u00eb Fier, n\u00eb vijim t\u00eb pun\u00ebs p\u00ebr kapjen e shtetasve t\u00eb shpallur n\u00eb k\u00ebrkim, kap\u00ebn dhe ndaluan shtetasin Mariglen Kumanaku, 46 vje\u00e7, banues n\u00eb Fier.<\/p>\n<p>Ndalimi i k\u00ebtij shtetasi u b\u00eb pasi Gjykata e Shkall\u00ebs s\u00eb Par\u00eb Fier e ka d\u00ebnuar me 7 vjet burgim, p\u00ebr vepr\u00ebn penale \u201cPlagosja e r\u00ebnd\u00eb me dashje\u201d, nga t\u00eb cil\u00ebt i kan\u00eb mbetur p\u00ebr t\u00eb vuajtur edhe 4 muaj burgim.<\/p>\n<p>Ky shtetas, n\u00eb dat\u00ebn 29.07.2019, n\u00eb fshatin Kallm i Vog\u00ebl, gjat\u00eb nj\u00eb konflikti t\u00eb \u00e7astit, p\u00ebr motive t\u00eb dob\u00ebta, ka plagosur me mjet prer\u00ebs (thik\u00eb), shtetasin A. Xh.<\/p>\n","protected":false},"excerpt":{"rendered":"<p>Specialist\u00ebt p\u00ebr Hetimin e Krimeve t\u00eb Komisariatit t\u00eb Policis\u00eb Fier, n\u00eb vijim t\u00eb pun\u00ebs p\u00ebr kapjen e shtetasve t\u00eb shpallur n\u00eb k\u00ebrkim, kap\u00ebn dhe ndaluan shtetasin Mariglen Kumanaku, 46 vje\u00e7, banues n\u00eb Fier. Ndalimi i k\u00ebtij shtetasi u b\u00eb pasi Gjykata e Shkall\u00ebs s\u00eb Par\u00eb Fier e ka d\u00ebnuar me 7 vjet burgim, p\u00ebr vepr\u00ebn [&hellip;]<\/p>\n","protected":false},"author":5,"featured_media":52254,"comment_status":"open","ping_status":"open","sticky":false,"template":"","format":"standard","meta":{"footnotes":""},"categories":[1,6332],"tags":[20661,20660],"class_list":{"0":"post-53243","1":"post","2":"type-post","3":"status-publish","4":"format-standard","5":"has-post-thumbnail","7":"category-aktualitet","8":"category-te-fundit","9":"tag-arrestohet-46-vjecari","10":"tag-emri-ishte-ne-kerkim-per-plagosje"},"_links":{"self":[{"href":"https:\/\/jugulajm.net\/index.php?rest_route=\/wp\/v2\/posts\/53243","targetHints":{"allow":["GET"]}}],"collection":[{"href":"https:\/\/jugulajm.net\/index.php?rest_route=\/wp\/v2\/posts"}],"about":[{"href":"https:\/\/jugulajm.net\/index.php?rest_route=\/wp\/v2\/types\/post"}],"author":[{"embeddable":true,"href":"https:\/\/jugulajm.net\/index.php?rest_route=\/wp\/v2\/users\/5"}],"replies":[{"embeddable":true,"href":"https:\/\/jugulajm.net\/index.php?rest_route=%2Fwp%2Fv2%2Fcomments&post=53243"}],"version-history":[{"count":0,"href":"https:\/\/jugulajm.net\/index.php?rest_route=\/wp\/v2\/posts\/53243\/revisions"}],"wp:featuredmedia":[{"embeddable":true,"href":"https:\/\/jugulajm.net\/index.php?rest_route=\/wp\/v2\/media\/52254"}],"wp:attachment":[{"href":"https:\/\/jugulajm.net\/index.php?rest_route=%2Fwp%2Fv2%2Fmedia&parent=53243"}],"wp:term":[{"taxonomy":"category","embeddable":true,"href":"https:\/\/jugulajm.net\/index.php?rest_route=%2Fwp%2Fv2%2Fcategories&post=53243"},{"taxonomy":"post_tag","embeddable":true,"href":"https:\/\/jugulajm.net\/index.php?rest_route=%2Fwp%2Fv2%2Ftags&post=53243"}],"curies":[{"name":"wp","href":"https:\/\/api.w.org\/{rel}","templated":true}]}}