{"id":53165,"date":"2022-11-21T18:23:25","date_gmt":"2022-11-21T17:23:25","guid":{"rendered":"https:\/\/jugulajm.net\/?p=53165"},"modified":"2022-11-21T18:23:25","modified_gmt":"2022-11-21T17:23:25","slug":"foto-e-gjithe-shqiperia-nen-uje-ja-cfare-parashikon-moti-diten-e-neserme","status":"publish","type":"post","link":"https:\/\/jugulajm.net\/?p=53165","title":{"rendered":"FOTO\/ E gjith\u00eb Shqip\u00ebria n\u00ebn uj\u00eb, ja \u00e7far\u00eb parashikon moti dit\u00ebn e nes\u00ebrme&#8230;"},"content":{"rendered":"<p>Edhe p\u00ebrgjat\u00eb dit\u00ebs s\u00eb mart\u00eb parashikohen stuhi shiu n\u00eb t\u00eb gjith\u00eb territorin, ku m\u00eb t\u00eb theksuara o t\u00eb jen\u00eb n\u00eb veri dhe verilindje t\u00eb vendit.<\/p>\n<p><img loading=\"lazy\" loading=\"lazy\" decoding=\"async\" class=\"alignnone size-full wp-image-1437396\" src=\"https:\/\/abcnews.al\/wp-content\/uploads\/2022\/11\/Capture-336.jpg\" alt=\"\" width=\"446\" height=\"723\" \/><\/p>\n<p>Dita e mart\u00eb pritet t\u00eb sjell\u00eb gjithashtu s\u00ebrish reshje d\u00ebbore n\u00eb zonat malore, nd\u00ebrkoh\u00eb q\u00eb nuk do t\u00eb mungoj\u00eb as era e fort\u00eb.<\/p>\n<p>Gjithashtu dit\u00ebn e mart\u00eb parashikohet edhe r\u00ebnia e m\u00ebtejshme e temperaturave, ku parashikohet t\u00eb zbresin deri n\u00eb -3 grad\u00eb celcius.<\/p>\n","protected":false},"excerpt":{"rendered":"<p>Edhe p\u00ebrgjat\u00eb dit\u00ebs s\u00eb mart\u00eb parashikohen stuhi shiu n\u00eb t\u00eb gjith\u00eb territorin, ku m\u00eb t\u00eb theksuara o t\u00eb jen\u00eb n\u00eb veri dhe verilindje t\u00eb vendit. Dita e mart\u00eb pritet t\u00eb sjell\u00eb gjithashtu s\u00ebrish reshje d\u00ebbore n\u00eb zonat malore, nd\u00ebrkoh\u00eb q\u00eb nuk do t\u00eb mungoj\u00eb as era e fort\u00eb. Gjithashtu dit\u00ebn e mart\u00eb parashikohet edhe r\u00ebnia [&hellip;]<\/p>\n","protected":false},"author":5,"featured_media":46557,"comment_status":"open","ping_status":"open","sticky":false,"template":"","format":"standard","meta":{"footnotes":""},"categories":[7650,6332],"tags":[20621,20622],"class_list":{"0":"post-53165","1":"post","2":"type-post","3":"status-publish","4":"format-standard","5":"has-post-thumbnail","7":"category-moti","8":"category-te-fundit","9":"tag-foto-e-gjithe-shqiperia-nen-uje","10":"tag-ja-cfare-parashikon-moti-diten-e-neserme"},"_links":{"self":[{"href":"https:\/\/jugulajm.net\/index.php?rest_route=\/wp\/v2\/posts\/53165","targetHints":{"allow":["GET"]}}],"collection":[{"href":"https:\/\/jugulajm.net\/index.php?rest_route=\/wp\/v2\/posts"}],"about":[{"href":"https:\/\/jugulajm.net\/index.php?rest_route=\/wp\/v2\/types\/post"}],"author":[{"embeddable":true,"href":"https:\/\/jugulajm.net\/index.php?rest_route=\/wp\/v2\/users\/5"}],"replies":[{"embeddable":true,"href":"https:\/\/jugulajm.net\/index.php?rest_route=%2Fwp%2Fv2%2Fcomments&post=53165"}],"version-history":[{"count":0,"href":"https:\/\/jugulajm.net\/index.php?rest_route=\/wp\/v2\/posts\/53165\/revisions"}],"wp:featuredmedia":[{"embeddable":true,"href":"https:\/\/jugulajm.net\/index.php?rest_route=\/wp\/v2\/media\/46557"}],"wp:attachment":[{"href":"https:\/\/jugulajm.net\/index.php?rest_route=%2Fwp%2Fv2%2Fmedia&parent=53165"}],"wp:term":[{"taxonomy":"category","embeddable":true,"href":"https:\/\/jugulajm.net\/index.php?rest_route=%2Fwp%2Fv2%2Fcategories&post=53165"},{"taxonomy":"post_tag","embeddable":true,"href":"https:\/\/jugulajm.net\/index.php?rest_route=%2Fwp%2Fv2%2Ftags&post=53165"}],"curies":[{"name":"wp","href":"https:\/\/api.w.org\/{rel}","templated":true}]}}