{"id":53147,"date":"2022-11-21T13:20:05","date_gmt":"2022-11-21T12:20:05","guid":{"rendered":"https:\/\/jugulajm.net\/?p=53147"},"modified":"2022-11-21T13:21:01","modified_gmt":"2022-11-21T12:21:01","slug":"itali-ish-bashkeshorti-vrau-me-thike-37-vjecaren-dhe-te-dashurin-e-saj-dhe-me-pas-veten-te-3-viktimat-shqiptare","status":"publish","type":"post","link":"https:\/\/jugulajm.net\/?p=53147","title":{"rendered":"Itali\/ Ish-bashk\u00ebshorti vrau me thik\u00eb 37-vje\u00e7aren, t\u00eb dashurin e saj dhe m\u00eb pas veten, t\u00eb 3 viktimat shqiptar\u00eb"},"content":{"rendered":"<p>Trupi i burrit q\u00eb vrau ish-bashk\u00ebshorten dhe partnerin e saj t\u00eb ri\u00a0mbr\u00ebmjen e djeshme,\u00a0u gjet m\u00ebngjesin e sot\u00ebm brenda nj\u00eb\u00a0magazine n\u00eb Oriago di Mira,\u00a0n\u00eb zon\u00ebn e Venedikut .\u00a0K\u00ebt\u00eb e konfirmojn\u00eb burime nga prokuroria e Venecias.\u00a0Policia po heton rastin.<\/p>\n<p><img loading=\"lazy\" loading=\"lazy\" decoding=\"async\" class=\"alignnone size-full wp-image-1436957\" src=\"https:\/\/abcnews.al\/wp-content\/uploads\/2022\/11\/ver1.jpg\" alt=\"\" width=\"600\" height=\"809\" \/><\/p>\n<p>Sipas asaj q\u00eb u rikonstruktua nga hetuesit, gruaja\u00a0Mynevere Karabollaj, 37 vje\u00e7e, e\u00a0njohur si \u2018Vera\u2019 ishte zhvendosur disa vite m\u00eb par\u00eb me bashk\u00ebshortin e saj, gjithashtu shqiptar, n\u00eb nj\u00eb sht\u00ebpi n\u00eb Spinea.\u00a0Prej dy vitesh burri ishte larguar nga sht\u00ebpia dhe n\u00eb sht\u00ebpin\u00eb \u2018Vera\u2019 kishte filluar t\u00eb jetonte me nj\u00eb bashkatdhetar,\u00a0Flonino Merkuri, 24\u00a0\u00a0vje\u00e7.\u00a0I tij \u00ebsht\u00eb\u00a0trupi i dyt\u00eb i\u00a0gjetur n\u00eb banes\u00ebn n\u00eb via Leopardi pas alarmit t\u00eb dh\u00ebn\u00eb nga nj\u00ebra nga dy vajzat e gruas, pasi ajo nuk mund t\u00eb ishte m\u00eb n\u00eb kontakt me t\u00eb.<\/p>\n<div class=\"d-flex justify-content-center align-items-center\">\n<div id=\"div-gpt-ad-1586013632095-0\" data-google-query-id=\"CNezpOOfv_sCFXyE_QcdIQUGWQ\">\n<div id=\"google_ads_iframe_\/317720835\/adxp_abcnews_300x250_4_0__container__\"><\/div>\n<\/div>\n<\/div>\n<p><img loading=\"lazy\" loading=\"lazy\" decoding=\"async\" class=\"alignnone size-full wp-image-1436958\" src=\"https:\/\/abcnews.al\/wp-content\/uploads\/2022\/11\/v2.jpg\" alt=\"\" width=\"609\" height=\"817\" \/><\/p>\n<p>N\u00eb sht\u00ebpi karabinier\u00ebt gjet\u00ebn thik\u00ebn me t\u00eb cil\u00ebn u krye vrasja e dyfisht\u00eb.\u00a0M\u00eb pas, ushtarak\u00ebt shkuan n\u00eb kasollen e kompanis\u00eb Oriago ku punonte vras\u00ebsi dhe aty gjet\u00ebn trupin e tij.\u00a0Ish-bashk\u00ebshorti u vet\u00ebvra.<br \/>\n<img loading=\"lazy\" loading=\"lazy\" decoding=\"async\" class=\"alignnone size-full wp-image-1436959\" src=\"https:\/\/abcnews.al\/wp-content\/uploads\/2022\/11\/v3.jpg\" alt=\"\" width=\"441\" height=\"814\" \/><\/p>\n<p>Karabinier\u00ebt n\u00eb fakt po k\u00ebrkojn\u00eb nj\u00eb person t\u00eb tret\u00eb, ish-bashk\u00ebshortin e 37-vje\u00e7ares, i cili do t\u00eb p\u00ebrfshihej disi n\u00eb k\u00ebt\u00eb fakt.\u00a0Zbulimi i trupave u b\u00eb nga policia, t\u00eb lajm\u00ebruar nga vajza e gruas, e cila nuk kishte mundur t\u00eb kontaktonte me n\u00ebn\u00ebn e saj q\u00eb pasdite.<\/p>\n<p><img loading=\"lazy\" loading=\"lazy\" decoding=\"async\" class=\"alignnone size-full wp-image-1436954\" src=\"https:\/\/abcnews.al\/wp-content\/uploads\/2022\/11\/640-0-gvn-1669022863.jpg\" alt=\"\" width=\"640\" height=\"357\" \/><br \/>\nViktimat<\/p>\n<p>T\u00eb dy viktimat jan\u00eb me origjin\u00eb shqiptare.\u00a0N\u00eb vendin e ngjarjes, hetuesit gjet\u00ebn nj\u00eb arm\u00eb zjarri dhe nj\u00eb thik\u00eb\u00a0.\u00a0Dy bashk\u00ebjetuesit do t\u00eb merrnin plag\u00eb vdekjeprur\u00ebse me thik\u00eb.\u00a0Nd\u00ebrhyrja e policis\u00eb n\u00eb sht\u00ebpi ka ndodhur rreth or\u00ebs 22:00 t\u00eb mbr\u00ebmjes s\u00eb djeshme, e diel 20 n\u00ebntor.\u00a0Personi q\u00eb po p\u00ebrpiqen\u00a0t\u00eb gjurmojn\u00eb \u00ebsht\u00eb ish-bashk\u00ebshorti i gruas, i cili do t\u00eb ishte arratisur me makin\u00eb menj\u00ebher\u00eb pas krimit.<\/p>\n<p><img loading=\"lazy\" loading=\"lazy\" decoding=\"async\" class=\"alignnone size-medium wp-image-1436955\" src=\"https:\/\/abcnews.al\/wp-content\/uploads\/2022\/11\/image-1-2-640x358.jpg\" sizes=\"auto, (max-width: 640px) 100vw, 640px\" srcset=\"https:\/\/abcnews.al\/wp-content\/uploads\/2022\/11\/image-1-2-640x358.jpg 640w, https:\/\/abcnews.al\/wp-content\/uploads\/2022\/11\/image-1-2.jpg 680w\" alt=\"\" width=\"640\" height=\"358\" \/><\/p>\n<p>Motivi<\/p>\n<p>Nuk p\u00ebrjashtohet q\u00eb n\u00eb baz\u00eb t\u00eb vrasjes\u00a0t\u00eb jet\u00eb pamund\u00ebsia p\u00ebr t\u00eb pranuar marr\u00ebdh\u00ebnien\u00a0e re t\u00eb bashk\u00ebshortes.\u00a0Nd\u00ebrkoh\u00eb, mjek\u00ebsia ligjore ka shqyrtuar sht\u00ebpin\u00eb ku ndodhi tragjedia, duke k\u00ebrkuar t\u00eb dh\u00ebna t\u00eb dobishme p\u00ebr t\u00eb p\u00ebrvijuar konturet e nj\u00eb historie ende p\u00ebr t\u2019u sqaruar.\u00a0Policia i kan\u00eb shtrir\u00eb kontrollet edhe n\u00eb disa sht\u00ebpi fqinje: ka gjasa, n\u00eb fakt, q\u00eb viktimat t\u00eb ken\u00eb tentuar t\u00eb strehohen te fqinj\u00ebt e tyre para se t\u00eb vriteshin.<\/p>\n","protected":false},"excerpt":{"rendered":"<p>Trupi i burrit q\u00eb vrau ish-bashk\u00ebshorten dhe partnerin e saj t\u00eb ri\u00a0mbr\u00ebmjen e djeshme,\u00a0u gjet m\u00ebngjesin e sot\u00ebm brenda nj\u00eb\u00a0magazine n\u00eb Oriago di Mira,\u00a0n\u00eb zon\u00ebn e Venedikut .\u00a0K\u00ebt\u00eb e konfirmojn\u00eb burime nga prokuroria e Venecias.\u00a0Policia po heton rastin. Sipas asaj q\u00eb u rikonstruktua nga hetuesit, gruaja\u00a0Mynevere Karabollaj, 37 vje\u00e7e, e\u00a0njohur si \u2018Vera\u2019 ishte zhvendosur disa [&hellip;]<\/p>\n","protected":false},"author":5,"featured_media":53148,"comment_status":"open","ping_status":"open","sticky":false,"template":"","format":"standard","meta":{"footnotes":""},"categories":[1,7664,6332],"tags":[20612,20611,20613],"class_list":{"0":"post-53147","1":"post","2":"type-post","3":"status-publish","4":"format-standard","5":"has-post-thumbnail","7":"category-aktualitet","8":"category-bota","9":"category-te-fundit","10":"tag-itali-ish-bashkeshorti-vrau-me-thike-37-vjecaren","11":"tag-te-3-viktimat-shqiptare","12":"tag-te-dashurin-e-saj-dhe-me-pas-veten"},"_links":{"self":[{"href":"https:\/\/jugulajm.net\/index.php?rest_route=\/wp\/v2\/posts\/53147","targetHints":{"allow":["GET"]}}],"collection":[{"href":"https:\/\/jugulajm.net\/index.php?rest_route=\/wp\/v2\/posts"}],"about":[{"href":"https:\/\/jugulajm.net\/index.php?rest_route=\/wp\/v2\/types\/post"}],"author":[{"embeddable":true,"href":"https:\/\/jugulajm.net\/index.php?rest_route=\/wp\/v2\/users\/5"}],"replies":[{"embeddable":true,"href":"https:\/\/jugulajm.net\/index.php?rest_route=%2Fwp%2Fv2%2Fcomments&post=53147"}],"version-history":[{"count":0,"href":"https:\/\/jugulajm.net\/index.php?rest_route=\/wp\/v2\/posts\/53147\/revisions"}],"wp:featuredmedia":[{"embeddable":true,"href":"https:\/\/jugulajm.net\/index.php?rest_route=\/wp\/v2\/media\/53148"}],"wp:attachment":[{"href":"https:\/\/jugulajm.net\/index.php?rest_route=%2Fwp%2Fv2%2Fmedia&parent=53147"}],"wp:term":[{"taxonomy":"category","embeddable":true,"href":"https:\/\/jugulajm.net\/index.php?rest_route=%2Fwp%2Fv2%2Fcategories&post=53147"},{"taxonomy":"post_tag","embeddable":true,"href":"https:\/\/jugulajm.net\/index.php?rest_route=%2Fwp%2Fv2%2Ftags&post=53147"}],"curies":[{"name":"wp","href":"https:\/\/api.w.org\/{rel}","templated":true}]}}