{"id":53119,"date":"2022-11-20T11:55:34","date_gmt":"2022-11-20T10:55:34","guid":{"rendered":"https:\/\/jugulajm.net\/?p=53119"},"modified":"2022-11-20T11:55:34","modified_gmt":"2022-11-20T10:55:34","slug":"emrat-grabiten-dhe-dhunuan-per-vdekje-te-moshuarin-prangosen-dy-te-rinjte","status":"publish","type":"post","link":"https:\/\/jugulajm.net\/?p=53119","title":{"rendered":"EMRAT\/ Grabit\u00ebn dhe dhunuan p\u00ebr vdekje t\u00eb moshuarin, prangosen dy t\u00eb rinjt\u00eb"},"content":{"rendered":"<p>\u00cbsht\u00eb dhunuar p\u00ebr vdekje 89 vje\u00e7ari, Caush Shehaj i cili prej dit\u00ebs s\u00eb djeshme ndodhej n\u00eb spitalin e Fierit ku po mjekohej pas godjteve q\u00eb kishte marr\u00eb nga dy grabit\u00ebsit Ervis Halimi 22 vje\u00e7 dhe Musa Gudo 28 vje\u00e7, t\u00eb cil\u00ebt n\u00ebn k\u00ebrc\u00ebnimin e automatikut, i kan\u00eb marr\u00eb nj\u00eb shum\u00eb parash brenda banes\u00ebs s\u00eb tij.<\/p>\n<p>Asqeri \u00c7ela dhe Astrit \u00c7ela dy nipat e viktim\u00ebs kan\u00eb dh\u00ebn\u00eb detaje trondit\u00ebse sa i p\u00ebrket grabitjes s\u00eb ndodhur, ku kan\u00eb b\u00ebr\u00eb me dije se kjo nuk ishte hera e par\u00eb q\u00eb i af\u00ebrmi i tyre ishte grabitur. Sipas tyre, i ndjeri \u00ebsht\u00eb grabitur edhe nj\u00eb her\u00eb tjet\u00ebr ku grabit\u00ebsit i kan\u00eb marr\u00eb \u00e7iften pasi nuk kan\u00eb mundur t\u2019i gjejn\u00eb para.<br \/>\nT\u00eb af\u00ebrmit, zbuluan se i moshuari, Caush Shehaj ishtedhunuar n\u00eb m\u00ebnyr\u00eb barbare nga dy grabit\u00ebsit, Evis Halimi dhe Musa Gudo t\u00eb cil\u00ebt jan\u00eb arrestuar nga policia.<\/p>\n<p>Policia ka proceduar penalisht edhe 16 vje\u00e7arin F.\u00c7 n\u00ebn akuz\u00ebn e \u2018moskall\u00ebzimit t\u00eb krimit\u2019. Nd\u00ebrsa \u00ebsht\u00eb sekuestruar edhe arma e zjarrit tip automatik me t\u00eb cil\u00ebn \u00ebsht\u00eb kryer grabitja.<\/p>\n<p>Materialet do t\u2019i kalojn\u00eb Prokuroris\u00eb pran\u00eb Gjykat\u00ebs s\u00eb Shkall\u00ebs s\u00eb Par\u00eb Fier, p\u00ebr veprat penale \u201cVjedhja me dhun\u00eb\u201d, e kryer n\u00eb bashk\u00ebpunim, \u201cPlagosje e r\u00ebnd\u00eb me dashje\u201d, \u201cMbajtja pa leje e arm\u00ebve dhe municionit luftarak\u201d dhe \u201cMoskall\u00ebzimi i krimit\u201d.<\/p>\n","protected":false},"excerpt":{"rendered":"<p>\u00cbsht\u00eb dhunuar p\u00ebr vdekje 89 vje\u00e7ari, Caush Shehaj i cili prej dit\u00ebs s\u00eb djeshme ndodhej n\u00eb spitalin e Fierit ku po mjekohej pas godjteve q\u00eb kishte marr\u00eb nga dy grabit\u00ebsit Ervis Halimi 22 vje\u00e7 dhe Musa Gudo 28 vje\u00e7, t\u00eb cil\u00ebt n\u00ebn k\u00ebrc\u00ebnimin e automatikut, i kan\u00eb marr\u00eb nj\u00eb shum\u00eb parash brenda banes\u00ebs s\u00eb tij. [&hellip;]<\/p>\n","protected":false},"author":5,"featured_media":53120,"comment_status":"open","ping_status":"open","sticky":false,"template":"","format":"standard","meta":{"footnotes":""},"categories":[1,6332],"tags":[20597,20598],"class_list":{"0":"post-53119","1":"post","2":"type-post","3":"status-publish","4":"format-standard","5":"has-post-thumbnail","7":"category-aktualitet","8":"category-te-fundit","9":"tag-emrat-grabiten-dhe-dhunuan-per-vdekje-te-moshuarin","10":"tag-prangosen-dy-te-rinjte"},"_links":{"self":[{"href":"https:\/\/jugulajm.net\/index.php?rest_route=\/wp\/v2\/posts\/53119","targetHints":{"allow":["GET"]}}],"collection":[{"href":"https:\/\/jugulajm.net\/index.php?rest_route=\/wp\/v2\/posts"}],"about":[{"href":"https:\/\/jugulajm.net\/index.php?rest_route=\/wp\/v2\/types\/post"}],"author":[{"embeddable":true,"href":"https:\/\/jugulajm.net\/index.php?rest_route=\/wp\/v2\/users\/5"}],"replies":[{"embeddable":true,"href":"https:\/\/jugulajm.net\/index.php?rest_route=%2Fwp%2Fv2%2Fcomments&post=53119"}],"version-history":[{"count":0,"href":"https:\/\/jugulajm.net\/index.php?rest_route=\/wp\/v2\/posts\/53119\/revisions"}],"wp:featuredmedia":[{"embeddable":true,"href":"https:\/\/jugulajm.net\/index.php?rest_route=\/wp\/v2\/media\/53120"}],"wp:attachment":[{"href":"https:\/\/jugulajm.net\/index.php?rest_route=%2Fwp%2Fv2%2Fmedia&parent=53119"}],"wp:term":[{"taxonomy":"category","embeddable":true,"href":"https:\/\/jugulajm.net\/index.php?rest_route=%2Fwp%2Fv2%2Fcategories&post=53119"},{"taxonomy":"post_tag","embeddable":true,"href":"https:\/\/jugulajm.net\/index.php?rest_route=%2Fwp%2Fv2%2Ftags&post=53119"}],"curies":[{"name":"wp","href":"https:\/\/api.w.org\/{rel}","templated":true}]}}