{"id":53044,"date":"2022-11-18T15:50:15","date_gmt":"2022-11-18T14:50:15","guid":{"rendered":"https:\/\/jugulajm.net\/?p=53044"},"modified":"2022-11-18T15:52:56","modified_gmt":"2022-11-18T14:52:56","slug":"video-revolte-e-banoreve-te-divjakes-thyejne-kabinen-e-takses-se-mirela-kumbaros","status":"publish","type":"post","link":"https:\/\/jugulajm.net\/?p=53044","title":{"rendered":"VIDEO\/ Revolt\u00eb e banor\u00ebve t\u00eb Divjak\u00ebs, thyejn\u00eb kabin\u00ebn e taks\u00ebs s\u00eb Mirela Kumbaros"},"content":{"rendered":"<p><em>N\u00eb Divjak\u00eb vijon revolta kund\u00ebr taks\u00ebs p\u00ebr t\u00eb hyr\u00eb n\u00eb \u201cPyllin e Liris\u00eb\u201d, sic e quajn\u00eb tashm\u00eb ata parkun Komb\u00ebtar. K\u00ebt\u00eb t\u00eb premte, 18 nentor, ata marshuan nga qendra e qytetit deri n\u00eb vendin ku parashikohet t\u00eb ngritet trau dhe thyen kabin\u00ebn e pages\u00ebs se vendosur nga ministrja e turizmit, Mirela Kumbaro.<\/em><\/p>\n<div class=\"framiim\" data-mce-contenteditable=\"false\"><iframe loading=\"lazy\" src=\"https:\/\/www.youtube.com\/embed\/8AZoGPDzD_0\" width=\"560\" height=\"314\" allowfullscreen=\"allowfullscreen\" data-mce-fragment=\"1\"><\/iframe><\/div>\n<p>Kabina e vendosur p\u00ebr t\u00eb vjelur tarif\u00ebn e hyrjes p\u00ebr t\u00eb parkun Divjak\u00eb-Karavasta u thye nga banor\u00ebt e zon\u00ebs t\u00eb revoltuar nga nisma.<\/p>\n<p>Me sende t\u00eb forta dhe gur\u00eb d\u00ebmtuan struktur\u00ebn, q\u00eb t\u00eb enjten (17 nentor) e larguan nga rruga nacionale ku ishte vendosur me vendim t\u00eb ministris\u00eb s\u00eb Turizmit, akt p\u00ebr t\u00eb cilin kryetari i Partis\u00eb Demokratike Lushnje Eduart Sharka dhe 4 persona t\u00eb tjer\u00eb do t\u00eb hetohen n\u00eb gjendje t\u00eb lir\u00eb.<\/p>\n<p>Paraditen e 18 nentorit, p\u00ebr t\u00eb dyt\u00ebn dit\u00eb radhazi u p\u00ebrplas\u00ebn me efektiv\u00ebt e policis\u00eb lokale, n\u00eb mb\u00ebshtetje t\u00eb t\u00eb cil\u00ebve kishin shkuar edhe Forcat Speciale.<\/p>\n<p>Ministria e Turizmit tentoi ti qet\u00ebsoj\u00eb duke theksuar se taksa 50 lek do t\u00eb aplikohet vet\u00ebm p\u00ebr turist\u00ebt, por banor\u00ebt e Divjak\u00ebs k\u00ebrkuan anulimin e projektit. &#8220;K\u00ebrkon t\u00eb marr\u00ebsh 5 lek\u00eb nga xhepi i k\u00ebtij fukarai?! T\u00ebrhiqu sa m\u00eb shpejt&#8221;<\/p>\n<p>T\u00eb mb\u00ebshtetur edhe nga p\u00ebrfaq\u00ebsues t\u00eb partis\u00eb Demokratike t\u00eb krah t\u00eb tyre dhe socialistin Erjon Bra\u00e7e, me komente online, thon\u00eb se nuk do t\u00eb lejojn\u00eb tra n\u00eb rrug\u00ebn e parkut dhe plazhit t\u00eb Divjak\u00ebs. &#8220;Do t\u00eb rikthehemi n\u00eb momentin e par\u00eb q\u00eb do t\u00eb ket\u00eb ritentim t\u00eb vendosjes s\u00eb traut.<\/p>\n<p>Protesta nisi para bashkis\u00eb Divjak\u00eb nga ku banor\u00ebt marshuan n\u00eb k\u00ebmb\u00eb deri n\u00eb mes t\u00eb Parkut Komb\u00ebtar, ose sic e quajn\u00eb ata \u201cPylli i Liris\u00eb\u201d.<\/p>\n","protected":false},"excerpt":{"rendered":"<p>N\u00eb Divjak\u00eb vijon revolta kund\u00ebr taks\u00ebs p\u00ebr t\u00eb hyr\u00eb n\u00eb \u201cPyllin e Liris\u00eb\u201d, sic e quajn\u00eb tashm\u00eb ata parkun Komb\u00ebtar. K\u00ebt\u00eb t\u00eb premte, 18 nentor, ata marshuan nga qendra e qytetit deri n\u00eb vendin ku parashikohet t\u00eb ngritet trau dhe thyen kabin\u00ebn e pages\u00ebs se vendosur nga ministrja e turizmit, Mirela Kumbaro. Kabina e vendosur [&hellip;]<\/p>\n","protected":false},"author":5,"featured_media":53040,"comment_status":"open","ping_status":"open","sticky":false,"template":"","format":"standard","meta":{"footnotes":""},"categories":[1,6332],"tags":[20563,20561],"class_list":{"0":"post-53044","1":"post","2":"type-post","3":"status-publish","4":"format-standard","5":"has-post-thumbnail","7":"category-aktualitet","8":"category-te-fundit","9":"tag-thyejne-kabinen-e-takses-se-mirela-kumbaros","10":"tag-video-revolte-e-banoreve-te-divjakes"},"_links":{"self":[{"href":"https:\/\/jugulajm.net\/index.php?rest_route=\/wp\/v2\/posts\/53044","targetHints":{"allow":["GET"]}}],"collection":[{"href":"https:\/\/jugulajm.net\/index.php?rest_route=\/wp\/v2\/posts"}],"about":[{"href":"https:\/\/jugulajm.net\/index.php?rest_route=\/wp\/v2\/types\/post"}],"author":[{"embeddable":true,"href":"https:\/\/jugulajm.net\/index.php?rest_route=\/wp\/v2\/users\/5"}],"replies":[{"embeddable":true,"href":"https:\/\/jugulajm.net\/index.php?rest_route=%2Fwp%2Fv2%2Fcomments&post=53044"}],"version-history":[{"count":0,"href":"https:\/\/jugulajm.net\/index.php?rest_route=\/wp\/v2\/posts\/53044\/revisions"}],"wp:featuredmedia":[{"embeddable":true,"href":"https:\/\/jugulajm.net\/index.php?rest_route=\/wp\/v2\/media\/53040"}],"wp:attachment":[{"href":"https:\/\/jugulajm.net\/index.php?rest_route=%2Fwp%2Fv2%2Fmedia&parent=53044"}],"wp:term":[{"taxonomy":"category","embeddable":true,"href":"https:\/\/jugulajm.net\/index.php?rest_route=%2Fwp%2Fv2%2Fcategories&post=53044"},{"taxonomy":"post_tag","embeddable":true,"href":"https:\/\/jugulajm.net\/index.php?rest_route=%2Fwp%2Fv2%2Ftags&post=53044"}],"curies":[{"name":"wp","href":"https:\/\/api.w.org\/{rel}","templated":true}]}}