{"id":53013,"date":"2022-11-17T17:24:39","date_gmt":"2022-11-17T16:24:39","guid":{"rendered":"https:\/\/jugulajm.net\/?p=53013"},"modified":"2022-11-17T17:25:13","modified_gmt":"2022-11-17T16:25:13","slug":"emri-shoku-i-babait-nga-saranda-perdhunon-12-vjecaren-me-tha-se-do-me-vrase-familjen-nese","status":"publish","type":"post","link":"https:\/\/jugulajm.net\/?p=53013","title":{"rendered":"EMRI\/ Shoku i babait nga Saranda p\u00ebrdhunoi 12-vje\u00e7aren: M\u00eb tha se do m\u00eb vras\u00eb familjen n\u00ebse\u2026"},"content":{"rendered":"<p>Policia e Shtetit ka arrestuar 55 vje\u00e7arin nga Saranda, Astrit Terolli, i cili akuzohet se ka abuzuar seksualisht me nj\u00eb 11 vje\u00e7are.<\/p>\n<p>Abuzimi seksual me t\u00eb mitur\u00ebn, m\u00ebsohet se ka ndodhur n\u00eb sht\u00ebpin\u00eb e k\u00ebsaj t\u00eb fundit teksa i ati nuk ishte aty.<\/p>\n<p>Nd\u00ebrsa prokuroria ka nisur hetimet e m\u00ebtesjhme p\u00ebr rastin e r\u00ebnd\u00eb t\u00eb ndodhur n\u00eb kryeqytet.<\/p>\n<p>Nj\u00eb nj\u00eb lidhje telefonike me\u00a0<em>Top Channel\u00a0<\/em>vajza ka treguar se kjo ishte hera e par\u00eb q\u00eb abuzohej seksualisht nga Astrit Terolli, teksa ky i fundit pasi kreu aktin e kishte k\u00ebrc\u00ebnuar t\u00eb mitur\u00ebn<\/p>\n<p><em>\u201cVet\u00ebm nj\u00eb her\u00eb m\u00eb ka ngacmuar \u00ebsht\u00eb hera e par\u00eb. Ai m\u00eb k\u00ebrc\u00ebnoi, m\u00eb tha po u tregove prind\u00ebrve do t\u2019i vras t\u00eb gjith\u00eb\u201d,<\/em>\u00a0tha e mitura.<\/p>\n<p>Kujtojm\u00eb se p\u00ebrdhunuesi ishte shok i ngushte me babain e vajz\u00ebs. Ai shkonte tek sht\u00ebpia e tyre, p\u00ebr t&#8217;i ndihmuar, pasi vajza tjet\u00ebr e familjes \u00ebsht\u00eb n\u00eb spital. Mir\u00ebpo, nj\u00eb dit\u00eb, Terolli e ka gjetur t\u00eb mitur\u00ebn vet\u00ebm dhe ka abuzuar me t\u00eb.<\/p>\n","protected":false},"excerpt":{"rendered":"<p>Policia e Shtetit ka arrestuar 55 vje\u00e7arin nga Saranda, Astrit Terolli, i cili akuzohet se ka abuzuar seksualisht me nj\u00eb 11 vje\u00e7are. Abuzimi seksual me t\u00eb mitur\u00ebn, m\u00ebsohet se ka ndodhur n\u00eb sht\u00ebpin\u00eb e k\u00ebsaj t\u00eb fundit teksa i ati nuk ishte aty. Nd\u00ebrsa prokuroria ka nisur hetimet e m\u00ebtesjhme p\u00ebr rastin e r\u00ebnd\u00eb t\u00eb [&hellip;]<\/p>\n","protected":false},"author":5,"featured_media":0,"comment_status":"open","ping_status":"open","sticky":false,"template":"","format":"standard","meta":{"footnotes":""},"categories":[1,6332],"tags":[20547],"class_list":{"0":"post-53013","1":"post","2":"type-post","3":"status-publish","4":"format-standard","6":"category-aktualitet","7":"category-te-fundit","8":"tag-emri-shoku-i-babait-nga-saranda-perdhunon-12-vjecaren-me-tha-se-do-me-vrase-familjen-nese"},"_links":{"self":[{"href":"https:\/\/jugulajm.net\/index.php?rest_route=\/wp\/v2\/posts\/53013","targetHints":{"allow":["GET"]}}],"collection":[{"href":"https:\/\/jugulajm.net\/index.php?rest_route=\/wp\/v2\/posts"}],"about":[{"href":"https:\/\/jugulajm.net\/index.php?rest_route=\/wp\/v2\/types\/post"}],"author":[{"embeddable":true,"href":"https:\/\/jugulajm.net\/index.php?rest_route=\/wp\/v2\/users\/5"}],"replies":[{"embeddable":true,"href":"https:\/\/jugulajm.net\/index.php?rest_route=%2Fwp%2Fv2%2Fcomments&post=53013"}],"version-history":[{"count":0,"href":"https:\/\/jugulajm.net\/index.php?rest_route=\/wp\/v2\/posts\/53013\/revisions"}],"wp:attachment":[{"href":"https:\/\/jugulajm.net\/index.php?rest_route=%2Fwp%2Fv2%2Fmedia&parent=53013"}],"wp:term":[{"taxonomy":"category","embeddable":true,"href":"https:\/\/jugulajm.net\/index.php?rest_route=%2Fwp%2Fv2%2Fcategories&post=53013"},{"taxonomy":"post_tag","embeddable":true,"href":"https:\/\/jugulajm.net\/index.php?rest_route=%2Fwp%2Fv2%2Ftags&post=53013"}],"curies":[{"name":"wp","href":"https:\/\/api.w.org\/{rel}","templated":true}]}}