{"id":52915,"date":"2022-11-15T17:14:28","date_gmt":"2022-11-15T16:14:28","guid":{"rendered":"https:\/\/jugulajm.net\/?p=52915"},"modified":"2022-11-15T17:14:28","modified_gmt":"2022-11-15T16:14:28","slug":"ori-dorezon-formularin-pranon-te-zevendesoje-griden-ne-parlament","status":"publish","type":"post","link":"https:\/\/jugulajm.net\/?p=52915","title":{"rendered":"Ori dor\u00ebzon \u201cFormularin\u201d, pranon t\u00eb z\u00ebvend\u00ebsoj\u00eb Grid\u00ebn n\u00eb Parlament"},"content":{"rendered":"<p>Prezantuesja Oriela Nebijaj, do t\u00eb jet\u00eb deputete e Partis\u00eb Demokratike.<\/p>\n<p>K\u00ebt\u00eb t\u00eb mart\u00eb, ajo ka dor\u00ebzuar formularin e vet\u00ebdekarimit n\u00eb KQZ dhe ka shprehur gatishm\u00ebrin\u00eb p\u00ebr t\u00eb marr\u00eb mandatin.<\/p>\n<p>Nebijaj, dikur krah Lulzim Bash\u00ebs, nuk arriti t\u00eb futej dot n\u00eb Kuvend n\u00eb zgjedhjet e 25 prillit.<\/p>\n<p>Megjithat\u00eb, pas pak m\u00eb shum\u00eb se nj\u00eb viti, moderatorja e njohur do t\u00eb rikthehet n\u00eb Kuvend, k\u00ebt\u00eb her\u00eb n\u00eb vend t\u00eb Grida Dum\u00ebs.<\/p>\n<p>Nj\u00eb rokad\u00eb mes t\u00eb dyjave, sepse Grida Duma vendosi t\u00eb l\u00ebr\u00eb politik\u00ebn p\u00ebr t\u00eb shkuar n\u00eb televizionin Top Channel ku \u00ebsht\u00eb moderatore dhe Nebijaj.<\/p>\n<p>Ori ka vendosur t\u00eb pranoj\u00eb mandatin dhe t\u00eb shkoj\u00eb n\u00eb Kuvend. Pas verifikimeve p\u00ebrkat\u00ebse nga Komisioni Q\u00ebndror i Zgjedhjeve, n\u00eb Kuvend do t\u00eb mbahet ceremonia e betimit t\u00eb saj.<\/p>\n","protected":false},"excerpt":{"rendered":"<p>Prezantuesja Oriela Nebijaj, do t\u00eb jet\u00eb deputete e Partis\u00eb Demokratike. K\u00ebt\u00eb t\u00eb mart\u00eb, ajo ka dor\u00ebzuar formularin e vet\u00ebdekarimit n\u00eb KQZ dhe ka shprehur gatishm\u00ebrin\u00eb p\u00ebr t\u00eb marr\u00eb mandatin. Nebijaj, dikur krah Lulzim Bash\u00ebs, nuk arriti t\u00eb futej dot n\u00eb Kuvend n\u00eb zgjedhjet e 25 prillit. Megjithat\u00eb, pas pak m\u00eb shum\u00eb se nj\u00eb viti, moderatorja [&hellip;]<\/p>\n","protected":false},"author":5,"featured_media":52916,"comment_status":"open","ping_status":"open","sticky":false,"template":"","format":"standard","meta":{"footnotes":""},"categories":[6326,6332],"tags":[20504,20506,20505],"class_list":{"0":"post-52915","1":"post","2":"type-post","3":"status-publish","4":"format-standard","5":"has-post-thumbnail","7":"category-politike","8":"category-te-fundit","9":"tag-ori-dorezon-formularin","10":"tag-oriela-nebiaj","11":"tag-pranon-te-zevendesoje-griden-ne-parlament"},"_links":{"self":[{"href":"https:\/\/jugulajm.net\/index.php?rest_route=\/wp\/v2\/posts\/52915","targetHints":{"allow":["GET"]}}],"collection":[{"href":"https:\/\/jugulajm.net\/index.php?rest_route=\/wp\/v2\/posts"}],"about":[{"href":"https:\/\/jugulajm.net\/index.php?rest_route=\/wp\/v2\/types\/post"}],"author":[{"embeddable":true,"href":"https:\/\/jugulajm.net\/index.php?rest_route=\/wp\/v2\/users\/5"}],"replies":[{"embeddable":true,"href":"https:\/\/jugulajm.net\/index.php?rest_route=%2Fwp%2Fv2%2Fcomments&post=52915"}],"version-history":[{"count":0,"href":"https:\/\/jugulajm.net\/index.php?rest_route=\/wp\/v2\/posts\/52915\/revisions"}],"wp:featuredmedia":[{"embeddable":true,"href":"https:\/\/jugulajm.net\/index.php?rest_route=\/wp\/v2\/media\/52916"}],"wp:attachment":[{"href":"https:\/\/jugulajm.net\/index.php?rest_route=%2Fwp%2Fv2%2Fmedia&parent=52915"}],"wp:term":[{"taxonomy":"category","embeddable":true,"href":"https:\/\/jugulajm.net\/index.php?rest_route=%2Fwp%2Fv2%2Fcategories&post=52915"},{"taxonomy":"post_tag","embeddable":true,"href":"https:\/\/jugulajm.net\/index.php?rest_route=%2Fwp%2Fv2%2Ftags&post=52915"}],"curies":[{"name":"wp","href":"https:\/\/api.w.org\/{rel}","templated":true}]}}