{"id":52912,"date":"2022-11-15T16:39:55","date_gmt":"2022-11-15T15:39:55","guid":{"rendered":"https:\/\/jugulajm.net\/?p=52912"},"modified":"2022-11-15T16:39:55","modified_gmt":"2022-11-15T15:39:55","slug":"semuret-aktori-brilant-i-sarandes-anastas-nika-ka-nevoje-per-ndihmen-tuaj","status":"publish","type":"post","link":"https:\/\/jugulajm.net\/?p=52912","title":{"rendered":"S\u00ebmuret aktori brilant i Sarand\u00ebs, Anastas Nika, ka nevoj\u00eb p\u00ebr ndihm\u00ebn tuaj"},"content":{"rendered":"<p>Aktori sarandjot, Anastas Nika, po kalon nj\u00eb problem sh\u00ebndet\u00ebsor, problem i cili filloi pas b\u00ebrjes s\u00eb doz\u00ebs s\u00eb dyt\u00eb t\u00eb vaksis\u00ebs dhe i cili k\u00ebrkon kurim, por q\u00eb familja e tij nuk e ka mund\u00ebsin\u00eb ekonomike p\u00ebr ta p\u00ebrballuar.<\/p>\n<p>P\u00ebr k\u00ebt\u00eb shkak, djali i tij ka hapur nj\u00eb fond p\u00ebr donacione online p\u00ebr mbledhjen e nj\u00eb shum\u00eb prej 12.000 euro.<\/p>\n<p><strong>APELI:<\/strong><\/p>\n<p>Po ju shkruaj p\u00ebr nj\u00eb situat\u00eb q\u00eb po ndodh me babain tim prej 5 muajsh deri tani. Pasi b\u00ebri vaksin\u00ebn e dyt\u00eb p\u00ebr Covid n\u00eb janar, sh\u00ebndeti i tij ndryshoi n\u00eb m\u00ebnyr\u00eb drastike. Fillon t\u00eb ket\u00eb v\u00ebshtir\u00ebsi n\u00eb ecje, t\u00eb folur dhe m\u00eb von\u00eb t\u00eb marr\u00eb frym\u00eb. Kemi kaluar m\u00eb shum\u00eb se 5 muaj n\u00eb Spitalin Komb\u00ebtar t\u00eb Neurologjis\u00eb n\u00eb Athin\u00eb dhe Tiran\u00eb, duke u p\u00ebrpjekur t\u00eb kuptojm\u00eb diagnoz\u00ebn e duhur.<\/p>\n<p>Diagnoza e hershme u besua t\u00eb ishte ALS (s\u00ebmundje nervore e pash\u00ebrueshme).<\/p>\n<p>Por Zoti \u00ebsht\u00eb i mir\u00eb dhe sot u konfirmua se ai \u00ebsht\u00eb diagnostikuar me Neuropatin\u00eb Motorike Multifokale (MMN).<\/p>\n<p>Ky \u00ebsht\u00eb nj\u00eb lajm shum\u00eb i mir\u00eb sepse kjo diagnoz\u00eb ka nj\u00eb trajtim. Por trajtimi \u00ebsht\u00eb i shtrenjt\u00eb. Vet\u00ebm terapia e par\u00eb kushton 12000$. E dyta dhe e treta do t\u00eb varen pas t\u00eb par\u00ebs.<\/p>\n<div class=\"is-layout-flex wp-container-15 wp-block-columns\">\n<div class=\"is-layout-flow wp-block-column\">\n<p>K\u00ebshtu q\u00eb n\u00eb k\u00ebt\u00eb situat\u00eb po k\u00ebrkoj ndihm\u00ebn tuaj Doug n\u00ebse mund t\u00eb mblidhni nj\u00eb donacion p\u00ebr t\u00eb mbuluar shpenzimet e terapis\u00eb s\u00eb par\u00eb; sepse babai im nuk \u00ebsht\u00eb n\u00eb gjendje t\u00eb mir\u00eb dhe \u00e7do dit\u00eb po p\u00ebrkeq\u00ebsohet. Tani p\u00ebr tani ai nuk \u00ebsht\u00eb n\u00eb gjendje t\u00eb ec\u00eb dhe t\u00eb q\u00ebndroj\u00eb vet\u00ebm, k\u00ebshtu q\u00eb ai ka nevoj\u00eb gjithmon\u00eb p\u00ebr nj\u00eb person af\u00ebr. Gjithashtu, ju lutem mbajeni at\u00eb n\u00eb lutjet tuaja.<\/p>\n<\/div>\n<\/div>\n<div class=\"gfm-embed\" data-url=\"https:\/\/www.gofundme.com\/f\/w6nc6-help-my-dad\/widget\/large\/\">\n<iframe loading=\"lazy\" class=\"gfm-embed-iframe\" src=\"https:\/\/www.gofundme.com\/f\/w6nc6-help-my-dad\/widget\/large\/\" width=\"100%\" height=\"501\" frameborder=\"0\" scrolling=\"no\" data-mce-fragment=\"1\"><\/iframe><\/div>\n","protected":false},"excerpt":{"rendered":"<p>Aktori sarandjot, Anastas Nika, po kalon nj\u00eb problem sh\u00ebndet\u00ebsor, problem i cili filloi pas b\u00ebrjes s\u00eb doz\u00ebs s\u00eb dyt\u00eb t\u00eb vaksis\u00ebs dhe i cili k\u00ebrkon kurim, por q\u00eb familja e tij nuk e ka mund\u00ebsin\u00eb ekonomike p\u00ebr ta p\u00ebrballuar. P\u00ebr k\u00ebt\u00eb shkak, djali i tij ka hapur nj\u00eb fond p\u00ebr donacione online p\u00ebr mbledhjen e [&hellip;]<\/p>\n","protected":false},"author":5,"featured_media":52913,"comment_status":"open","ping_status":"open","sticky":false,"template":"","format":"standard","meta":{"footnotes":""},"categories":[7665,6332],"tags":[20502,20503,20501],"class_list":{"0":"post-52912","1":"post","2":"type-post","3":"status-publish","4":"format-standard","5":"has-post-thumbnail","7":"category-art","8":"category-te-fundit","9":"tag-anastas-nika","10":"tag-ka-nevoje-per-ndihmen-tuaj","11":"tag-semuret-aktori-brilant-i-sarandes"},"_links":{"self":[{"href":"https:\/\/jugulajm.net\/index.php?rest_route=\/wp\/v2\/posts\/52912","targetHints":{"allow":["GET"]}}],"collection":[{"href":"https:\/\/jugulajm.net\/index.php?rest_route=\/wp\/v2\/posts"}],"about":[{"href":"https:\/\/jugulajm.net\/index.php?rest_route=\/wp\/v2\/types\/post"}],"author":[{"embeddable":true,"href":"https:\/\/jugulajm.net\/index.php?rest_route=\/wp\/v2\/users\/5"}],"replies":[{"embeddable":true,"href":"https:\/\/jugulajm.net\/index.php?rest_route=%2Fwp%2Fv2%2Fcomments&post=52912"}],"version-history":[{"count":0,"href":"https:\/\/jugulajm.net\/index.php?rest_route=\/wp\/v2\/posts\/52912\/revisions"}],"wp:featuredmedia":[{"embeddable":true,"href":"https:\/\/jugulajm.net\/index.php?rest_route=\/wp\/v2\/media\/52913"}],"wp:attachment":[{"href":"https:\/\/jugulajm.net\/index.php?rest_route=%2Fwp%2Fv2%2Fmedia&parent=52912"}],"wp:term":[{"taxonomy":"category","embeddable":true,"href":"https:\/\/jugulajm.net\/index.php?rest_route=%2Fwp%2Fv2%2Fcategories&post=52912"},{"taxonomy":"post_tag","embeddable":true,"href":"https:\/\/jugulajm.net\/index.php?rest_route=%2Fwp%2Fv2%2Ftags&post=52912"}],"curies":[{"name":"wp","href":"https:\/\/api.w.org\/{rel}","templated":true}]}}