{"id":52848,"date":"2022-11-13T19:39:46","date_gmt":"2022-11-13T18:39:46","guid":{"rendered":"https:\/\/jugulajm.net\/?p=52848"},"modified":"2022-11-13T19:40:05","modified_gmt":"2022-11-13T18:40:05","slug":"video-andon-poci-fshati-qe-banohet-nga-vetem-60-te-moshuar-ku-tokat-i-kane-dhene-me-qira","status":"publish","type":"post","link":"https:\/\/jugulajm.net\/?p=52848","title":{"rendered":"VIDEO\/ &#8221;Andon Po\u00e7i&#8221;, fshati q\u00eb banohet nga vet\u00ebm 60 t\u00eb moshuar, ku tokat i kan\u00eb dh\u00ebn\u00eb me qira"},"content":{"rendered":"<p>Kjo \u00ebsht\u00eb shkolla 9-vjecare n\u00eb fshatin Andon Po\u00e7i n\u00eb Gjirokast\u00ebr.<\/p>\n<p>Prej koh\u00ebsh dera e k\u00ebtij institucioni \u00ebsht\u00eb mbyllur, pasi f\u00ebmij\u00ebt q\u00eb arsimoheshin pran\u00eb saj mungojn\u00eb. Prind\u00ebrit e tyre zgjodh\u00ebn t\u00eb emigronin, si nj\u00eb mund\u00ebsi m\u00eb e mir\u00eb p\u00ebr ta dhe ekonomin\u00eb e familjes.<\/p>\n<p><em>\u201cKa pasur shum\u00eb, me shkoll\u00eb me kopsht. S\u2019ka f\u00ebmij\u00eb.\u201d<\/em><\/p>\n<p>Banor\u00eb e vet\u00ebm n\u00eb fshat jan\u00eb t\u00eb moshuarit.<\/p>\n<div class=\"d-flex justify-content-center align-items-center\">\n<div><\/div>\n<\/div>\n<p><iframe loading=\"lazy\" title=\"Fshati Andon Po\u00e7i i braktisur: Jetojn\u00eb vet\u00ebm 60 t\u00eb moshuar, tokat i kan\u00eb dh\u00ebn\u00eb me qira\" src=\"https:\/\/www.youtube.com\/embed\/hEik0XOtk3E?feature=oembed\" width=\"640\" height=\"360\" frameborder=\"0\" allowfullscreen=\"allowfullscreen\" data-mce-fragment=\"1\"><\/iframe><\/p>\n<p><em>\u201cAsnj\u00eb i ri nuk \u00ebsht\u00eb n\u00eb fshat. Nga Greqia deri n\u00eb Australi. Ku nuk jan\u00eb. U b\u00ebn\u00eb si zogjt\u00eb e pulat, sa u rrit\u00ebn ik\u00ebn.\u201d<\/em><\/p>\n<p><em>\u201cBosh se kan\u00eb ikur. Pleqt\u00eb rrime n\u00eb sht\u00ebpi. \u00c7do b\u00ebjm\u00eb ne n\u00eb rrug\u00eb. 20 30 vjet. Un\u00eb jam 80 vje\u00e7e. Kur na iku f\u00ebmij\u00eb, kisha 5 nip\u00ebr i rrita, kur i kujtoj m\u00eb vjen p\u00ebr t\u00eb qar\u00eb. T\u00eb rinj 60 vje\u00e7. Ska t\u00eb rinj.\u201d<\/em><\/p>\n<div class=\"d-flex justify-content-center align-items-center\">\n<div id=\"div-gpt-ad-1586013670364-0\" data-google-query-id=\"CPmGnujlq_sCFWXkuwgdvKoFsA\">\n<div id=\"google_ads_iframe_\/317720835\/adxp_abcnews_300x250_5_0__container__\">&#8221;T<em>\u00eb rinjt\u00eb kan\u00eb ikur. S\u2019kan\u00eb pun\u00eb. Ja neve vet\u00ebm jemi. Pleq e plaka. Ka pasur shum\u00eb, me shkoll\u00eb me kopsht. S\u2019ka f\u00ebmij\u00eb.\u201d<\/em><\/div>\n<div><\/div>\n<\/div>\n<\/div>\n<p><em>\u201cN\u00ebp\u00ebr Greqi, gjermani, Zvic\u00ebr. Se s\u2019ka pun\u00eb. ku t\u00eb punojn\u00eb, duan t\u00eb han\u00eb. Un\u00eb kam tre cuna tre nuse jam vet\u00ebm. Tani u shkretua. Nuk sheh dit\u00ebn njeri jo nat\u00ebn. Vijn\u00eb cunat m\u00eb shohin mua po ct\u00eb b\u00ebjn\u00eb k\u00ebtu, duan pun\u00eb, duan t\u00eb han\u00eb. K\u00ebtu s\u2019ka. T\u00eb b\u00ebj\u00eb nj\u00eb pun\u00eb.\u201d<\/em><\/p>\n<p><em>\u201cTokat jan\u00eb djerr\u00eb p\u00ebr shkak se nuk ka kush t\u00eb punoj\u00eb. Jan\u00eb detyruar t\u2019i l\u00ebn\u00eb me qira. kush ti punoj\u00eb. Kam 18 dynym. Jan\u00eb pa punuar. I kemi dh\u00ebn\u00eb me qira. Po dhe ata do zhduken. Punoj dot un\u00eb jam 80 vjec.\u201d<\/em><\/p>\n<p>Dikur n\u00eb k\u00ebt\u00eb fshat jetonin 500 banor\u00eb, nd\u00ebrsa sot kan\u00eb mbetur vet\u00ebm 60 t\u00eb moshuar.<\/p>\n","protected":false},"excerpt":{"rendered":"<p>Kjo \u00ebsht\u00eb shkolla 9-vjecare n\u00eb fshatin Andon Po\u00e7i n\u00eb Gjirokast\u00ebr. Prej koh\u00ebsh dera e k\u00ebtij institucioni \u00ebsht\u00eb mbyllur, pasi f\u00ebmij\u00ebt q\u00eb arsimoheshin pran\u00eb saj mungojn\u00eb. Prind\u00ebrit e tyre zgjodh\u00ebn t\u00eb emigronin, si nj\u00eb mund\u00ebsi m\u00eb e mir\u00eb p\u00ebr ta dhe ekonomin\u00eb e familjes. \u201cKa pasur shum\u00eb, me shkoll\u00eb me kopsht. S\u2019ka f\u00ebmij\u00eb.\u201d Banor\u00eb e vet\u00ebm [&hellip;]<\/p>\n","protected":false},"author":5,"featured_media":52849,"comment_status":"open","ping_status":"open","sticky":false,"template":"","format":"standard","meta":{"footnotes":""},"categories":[6327,6332],"tags":[20323,20477,20478,20476],"class_list":{"0":"post-52848","1":"post","2":"type-post","3":"status-publish","4":"format-standard","5":"has-post-thumbnail","7":"category-ekonomi","8":"category-te-fundit","9":"tag-gjirokaster","10":"tag-fshati-qe-banohet-nga-vetem-60-te-moshuar","11":"tag-ku-tokat-i-kane-dhene-me-qira","12":"tag-video-andon-poci"},"_links":{"self":[{"href":"https:\/\/jugulajm.net\/index.php?rest_route=\/wp\/v2\/posts\/52848","targetHints":{"allow":["GET"]}}],"collection":[{"href":"https:\/\/jugulajm.net\/index.php?rest_route=\/wp\/v2\/posts"}],"about":[{"href":"https:\/\/jugulajm.net\/index.php?rest_route=\/wp\/v2\/types\/post"}],"author":[{"embeddable":true,"href":"https:\/\/jugulajm.net\/index.php?rest_route=\/wp\/v2\/users\/5"}],"replies":[{"embeddable":true,"href":"https:\/\/jugulajm.net\/index.php?rest_route=%2Fwp%2Fv2%2Fcomments&post=52848"}],"version-history":[{"count":0,"href":"https:\/\/jugulajm.net\/index.php?rest_route=\/wp\/v2\/posts\/52848\/revisions"}],"wp:featuredmedia":[{"embeddable":true,"href":"https:\/\/jugulajm.net\/index.php?rest_route=\/wp\/v2\/media\/52849"}],"wp:attachment":[{"href":"https:\/\/jugulajm.net\/index.php?rest_route=%2Fwp%2Fv2%2Fmedia&parent=52848"}],"wp:term":[{"taxonomy":"category","embeddable":true,"href":"https:\/\/jugulajm.net\/index.php?rest_route=%2Fwp%2Fv2%2Fcategories&post=52848"},{"taxonomy":"post_tag","embeddable":true,"href":"https:\/\/jugulajm.net\/index.php?rest_route=%2Fwp%2Fv2%2Ftags&post=52848"}],"curies":[{"name":"wp","href":"https:\/\/api.w.org\/{rel}","templated":true}]}}