{"id":52842,"date":"2022-11-13T16:30:15","date_gmt":"2022-11-13T15:30:15","guid":{"rendered":"https:\/\/jugulajm.net\/?p=52842"},"modified":"2022-11-13T16:30:15","modified_gmt":"2022-11-13T15:30:15","slug":"primaret-kasaj-dhe-nano-ne-gare-per-bashkine-e-kelcyres","status":"publish","type":"post","link":"https:\/\/jugulajm.net\/?p=52842","title":{"rendered":"Primaret\/ Kasaj dhe Nano n\u00eb gar\u00eb p\u00ebr Bashkin\u00eb e K\u00eblcyr\u00ebs"},"content":{"rendered":"<p>Demokratet e Kelcyres, do te thirren ne primaret e 4 dhjetorit per te zgjedhur kandidatin e tyre i cili do te vihet perballe Klement Ndonit, ne zgjedhjet e 15 majit.<\/p>\n<p>Sipas sekretarit te PD Dega K\u00eblcyr\u00eb Alfred Meshini, Partia Demokratike, s\u00eb bashku me opozit\u00ebn e bashkuar, shoq\u00ebrin\u00eb civile, dhe me diaspor\u00ebn, pas konsultimeve t\u00eb shumta me strukturat, antar\u00ebsin\u00eb simpatizant\u00ebt do t\u00eb paraqes\u00eb n\u00eb PRIMARE kandidaturat e Arjan Kasaj dhe Edmond Nanos.<\/p>\n<p>Te dy emrat e zgjedhur nga demokratet jane te spikatura.<\/p>\n<p>Arjan Kasaj ka nje eksperience te gjate menaxheriale ne pushtetin vendor dhe administrate. Zoti Kasaj ka qene dy here ne listen e kandidateve per deputete te PD Qarku Gjirokaster ne zgjedhjet e 2013 dhe ato te 2017.<\/p>\n<p>Ndersa zoti Nano eshte nje figure e njohur ne Kelcyre qe gezon respekt. PD ka ditur te zgjedhe kandidate te denje me qellimin final rikthimin ne duart e demokrateve te Bashkise Kelcyre pas 11 vitesh.<\/p>\n","protected":false},"excerpt":{"rendered":"<p>Demokratet e Kelcyres, do te thirren ne primaret e 4 dhjetorit per te zgjedhur kandidatin e tyre i cili do te vihet perballe Klement Ndonit, ne zgjedhjet e 15 majit. Sipas sekretarit te PD Dega K\u00eblcyr\u00eb Alfred Meshini, Partia Demokratike, s\u00eb bashku me opozit\u00ebn e bashkuar, shoq\u00ebrin\u00eb civile, dhe me diaspor\u00ebn, pas konsultimeve t\u00eb shumta [&hellip;]<\/p>\n","protected":false},"author":5,"featured_media":52843,"comment_status":"open","ping_status":"open","sticky":false,"template":"","format":"standard","meta":{"footnotes":""},"categories":[6326,6332],"tags":[20473],"class_list":{"0":"post-52842","1":"post","2":"type-post","3":"status-publish","4":"format-standard","5":"has-post-thumbnail","7":"category-politike","8":"category-te-fundit","9":"tag-primaret-kasaj-dhe-nano-ne-gare-per-bashkine-e-kelcyres"},"_links":{"self":[{"href":"https:\/\/jugulajm.net\/index.php?rest_route=\/wp\/v2\/posts\/52842","targetHints":{"allow":["GET"]}}],"collection":[{"href":"https:\/\/jugulajm.net\/index.php?rest_route=\/wp\/v2\/posts"}],"about":[{"href":"https:\/\/jugulajm.net\/index.php?rest_route=\/wp\/v2\/types\/post"}],"author":[{"embeddable":true,"href":"https:\/\/jugulajm.net\/index.php?rest_route=\/wp\/v2\/users\/5"}],"replies":[{"embeddable":true,"href":"https:\/\/jugulajm.net\/index.php?rest_route=%2Fwp%2Fv2%2Fcomments&post=52842"}],"version-history":[{"count":0,"href":"https:\/\/jugulajm.net\/index.php?rest_route=\/wp\/v2\/posts\/52842\/revisions"}],"wp:featuredmedia":[{"embeddable":true,"href":"https:\/\/jugulajm.net\/index.php?rest_route=\/wp\/v2\/media\/52843"}],"wp:attachment":[{"href":"https:\/\/jugulajm.net\/index.php?rest_route=%2Fwp%2Fv2%2Fmedia&parent=52842"}],"wp:term":[{"taxonomy":"category","embeddable":true,"href":"https:\/\/jugulajm.net\/index.php?rest_route=%2Fwp%2Fv2%2Fcategories&post=52842"},{"taxonomy":"post_tag","embeddable":true,"href":"https:\/\/jugulajm.net\/index.php?rest_route=%2Fwp%2Fv2%2Ftags&post=52842"}],"curies":[{"name":"wp","href":"https:\/\/api.w.org\/{rel}","templated":true}]}}