{"id":52818,"date":"2022-11-12T19:24:09","date_gmt":"2022-11-12T18:24:09","guid":{"rendered":"https:\/\/jugulajm.net\/?p=52818"},"modified":"2022-11-12T19:30:57","modified_gmt":"2022-11-12T18:30:57","slug":"video-nisin-arrestimet-e-dhunshme-policet-bien-plasur-bashke-me-protestuesin","status":"publish","type":"post","link":"https:\/\/jugulajm.net\/?p=52818","title":{"rendered":"VIDEO\/ Nisin arrestimet e dhunshme, polic\u00ebt bien plasur bashk\u00eb me protestuesin"},"content":{"rendered":"<p>Nj\u00eb person para kryeministris\u00eb \u00ebsht\u00eb shoq\u00ebruar me forc\u00eb nga policia.<\/p>\n<p>Tensionet nis\u00ebn pasi qytetar\u00ebt u afruan p\u00ebrpara godin\u00ebs s\u00eb qeveris\u00eb p\u00ebr t\u00eb ndezur qirinj. Ata u p\u00ebrplas\u00ebn me policin\u00eb duke \u00e7ar\u00eb kordonin rrethues.<\/p>\n<p>Nga ana tjet\u00ebr ish-kryeministri Sali Berisha dhe kryetari i Partis\u00eb s\u00eb Liris\u00eb Ilir Meta u larguan nga bulevardi \u201cD\u00ebshmor\u00ebt e Kombit\u201d n\u00eb p\u00ebrfundim t\u00eb protest\u00ebs.<\/p>\n<div class=\"wp-video\">\n<div id=\"mep_0\" class=\"mejs-container wp-video-shortcode mejs-android mejs-video mejs-container-keyboard-inactive\" tabindex=\"0\" role=\"application\" aria-label=\"Lojt\u00ebs Videosh\">\n<div class=\"mejs-inner\">\n<div class=\"mejs-layers\">\n<div class=\"mejs-overlay mejs-layer mejs-overlay-play\">\n<div style=\"width: 240px;\" class=\"wp-video\"><!--[if lt IE 9]><script>document.createElement('video');<\/script><![endif]-->\n<video class=\"wp-video-shortcode\" id=\"video-52818-1\" width=\"240\" height=\"134\" preload=\"metadata\" controls=\"controls\"><source type=\"video\/mp4\" src=\"https:\/\/jugulajm.net\/wp-content\/uploads\/2022\/11\/videoplayback-3-1.mp4?_=1\" \/><a href=\"https:\/\/jugulajm.net\/wp-content\/uploads\/2022\/11\/videoplayback-3-1.mp4\">https:\/\/jugulajm.net\/wp-content\/uploads\/2022\/11\/videoplayback-3-1.mp4<\/a><\/video><\/div>\n<p>&nbsp;<\/p>\n<\/div>\n<\/div>\n<\/div>\n<\/div>\n<\/div>\n","protected":false},"excerpt":{"rendered":"<p>Nj\u00eb person para kryeministris\u00eb \u00ebsht\u00eb shoq\u00ebruar me forc\u00eb nga policia. Tensionet nis\u00ebn pasi qytetar\u00ebt u afruan p\u00ebrpara godin\u00ebs s\u00eb qeveris\u00eb p\u00ebr t\u00eb ndezur qirinj. Ata u p\u00ebrplas\u00ebn me policin\u00eb duke \u00e7ar\u00eb kordonin rrethues. Nga ana tjet\u00ebr ish-kryeministri Sali Berisha dhe kryetari i Partis\u00eb s\u00eb Liris\u00eb Ilir Meta u larguan nga bulevardi \u201cD\u00ebshmor\u00ebt e Kombit\u201d n\u00eb [&hellip;]<\/p>\n","protected":false},"author":5,"featured_media":52820,"comment_status":"open","ping_status":"open","sticky":false,"template":"","format":"standard","meta":{"footnotes":""},"categories":[1,6332],"tags":[20465,20464],"class_list":{"0":"post-52818","1":"post","2":"type-post","3":"status-publish","4":"format-standard","5":"has-post-thumbnail","7":"category-aktualitet","8":"category-te-fundit","9":"tag-policet-bien-plasur-bashke-me-protestuesin","10":"tag-video-nisin-arrestimet-e-dhunshme"},"_links":{"self":[{"href":"https:\/\/jugulajm.net\/index.php?rest_route=\/wp\/v2\/posts\/52818","targetHints":{"allow":["GET"]}}],"collection":[{"href":"https:\/\/jugulajm.net\/index.php?rest_route=\/wp\/v2\/posts"}],"about":[{"href":"https:\/\/jugulajm.net\/index.php?rest_route=\/wp\/v2\/types\/post"}],"author":[{"embeddable":true,"href":"https:\/\/jugulajm.net\/index.php?rest_route=\/wp\/v2\/users\/5"}],"replies":[{"embeddable":true,"href":"https:\/\/jugulajm.net\/index.php?rest_route=%2Fwp%2Fv2%2Fcomments&post=52818"}],"version-history":[{"count":0,"href":"https:\/\/jugulajm.net\/index.php?rest_route=\/wp\/v2\/posts\/52818\/revisions"}],"wp:featuredmedia":[{"embeddable":true,"href":"https:\/\/jugulajm.net\/index.php?rest_route=\/wp\/v2\/media\/52820"}],"wp:attachment":[{"href":"https:\/\/jugulajm.net\/index.php?rest_route=%2Fwp%2Fv2%2Fmedia&parent=52818"}],"wp:term":[{"taxonomy":"category","embeddable":true,"href":"https:\/\/jugulajm.net\/index.php?rest_route=%2Fwp%2Fv2%2Fcategories&post=52818"},{"taxonomy":"post_tag","embeddable":true,"href":"https:\/\/jugulajm.net\/index.php?rest_route=%2Fwp%2Fv2%2Ftags&post=52818"}],"curies":[{"name":"wp","href":"https:\/\/api.w.org\/{rel}","templated":true}]}}