{"id":52812,"date":"2022-11-12T17:25:40","date_gmt":"2022-11-12T16:25:40","guid":{"rendered":"https:\/\/jugulajm.net\/?p=52812"},"modified":"2022-11-12T17:25:40","modified_gmt":"2022-11-12T16:25:40","slug":"video-foto-mijera-qytetare-mbushin-sheshin-pjesemarrje-masive-ne-protesten-e-opozites","status":"publish","type":"post","link":"https:\/\/jugulajm.net\/?p=52812","title":{"rendered":"VIDEO-FOTO\/ Mij\u00ebra qytetar\u00eb mbushin sheshin, pjes\u00ebmarrje masive n\u00eb protest\u00ebn e opozit\u00ebs"},"content":{"rendered":"<p>Pjes\u00ebmarrje masive n\u00eb protest\u00ebn e opozit\u00ebs. Mij\u00ebra njer\u00ebz jan\u00eb mbledhur n\u00eb bulevardin \u201cD\u00ebshmor\u00ebt e Kombit\u201d.<\/p>\n<p>N\u00eb podium po mbajn\u00eb fjalime p\u00ebrfaq\u00ebsues t\u00eb partive opozitare.<\/p>\n<p>Qytetar\u00ebt b\u00ebjn\u00eb thirrje p\u00ebr largimin e Edi Ram\u00ebs, nd\u00ebrkoh\u00eb q\u00eb mbajn\u00eb n\u00eb duar pankarta kund\u00ebr qeveris\u00eb.<\/p>\n<div style=\"width: 648px;\" class=\"wp-video\"><!--[if lt IE 9]><script>document.createElement('video');<\/script><![endif]-->\n<video class=\"wp-video-shortcode\" id=\"video-52812-1\" width=\"648\" height=\"360\" preload=\"metadata\" controls=\"controls\"><source type=\"video\/mp4\" src=\"https:\/\/jugulajm.net\/wp-content\/uploads\/2022\/11\/636fbef5050de.mp4?_=1\" \/><a href=\"https:\/\/jugulajm.net\/wp-content\/uploads\/2022\/11\/636fbef5050de.mp4\">https:\/\/jugulajm.net\/wp-content\/uploads\/2022\/11\/636fbef5050de.mp4<\/a><\/video><\/div>\n<p><img decoding=\"async\" src=\"https:\/\/cdnimpuls.com\/tpz.al\/media3\/-640-0-protesta-nentor-09-771.jpg\" alt=\"FOTO- VIDEO\/ Pjes\u00ebmarrje masive n\u00eb protest\u00ebn e opozit\u00ebs,\" width=\"100%\" data-size=\"x\" data-id=\"306936\" \/><\/p>\n<p><img decoding=\"async\" src=\"https:\/\/cdnimpuls.com\/tpz.al\/media3\/-640-0-protesta-12-nentor-0207-371.jpg\" alt=\"FOTO- VIDEO\/ Pjes\u00ebmarrje masive n\u00eb protest\u00ebn e opozit\u00ebs,\" width=\"100%\" data-size=\"x\" data-id=\"306935\" \/><\/p>\n<p><img decoding=\"async\" src=\"https:\/\/cdnimpuls.com\/tpz.al\/media3\/-640-0-protesta-12-nentor-06-983.jpg\" alt=\"FOTO- VIDEO\/ Pjes\u00ebmarrje masive n\u00eb protest\u00ebn e opozit\u00ebs,\" width=\"100%\" data-size=\"x\" data-id=\"306934\" \/><\/p>\n<p><img decoding=\"async\" src=\"https:\/\/cdnimpuls.com\/tpz.al\/media3\/-640-0-protesta-12-nentor-05-966.jpg\" alt=\"FOTO- VIDEO\/ Pjes\u00ebmarrje masive n\u00eb protest\u00ebn e opozit\u00ebs,\" width=\"100%\" data-size=\"x\" data-id=\"306933\" \/><\/p>\n<p><img decoding=\"async\" src=\"https:\/\/cdnimpuls.com\/tpz.al\/media3\/-640-0-protesta-12-nentor-04-832.jpg\" alt=\"FOTO- VIDEO\/ Pjes\u00ebmarrje masive n\u00eb protest\u00ebn e opozit\u00ebs,\" width=\"100%\" data-size=\"x\" data-id=\"306932\" \/><\/p>\n<p><img decoding=\"async\" src=\"https:\/\/cdnimpuls.com\/tpz.al\/media3\/-640-0-protesta-12-nentor-03-978.jpg\" alt=\"FOTO- VIDEO\/ Pjes\u00ebmarrje masive n\u00eb protest\u00ebn e opozit\u00ebs,\" width=\"100%\" data-size=\"x\" data-id=\"306931\" \/><\/p>\n<p><img decoding=\"async\" src=\"https:\/\/cdnimpuls.com\/tpz.al\/media3\/-640-0-protesta-12-nentor-02-941.jpg\" alt=\"FOTO- VIDEO\/ Pjes\u00ebmarrje masive n\u00eb protest\u00ebn e opozit\u00ebs,\" width=\"100%\" data-size=\"x\" data-id=\"306930\" \/><\/p>\n<p><img decoding=\"async\" src=\"https:\/\/cdnimpuls.com\/tpz.al\/media3\/-640-0-protesta-12-nentor-01-895.jpg\" alt=\"FOTO- VIDEO\/ Pjes\u00ebmarrje masive n\u00eb protest\u00ebn e opozit\u00ebs,\" width=\"100%\" data-size=\"x\" data-id=\"306929\" \/><\/p>\n<div class=\"videoime\" data-mce-contenteditable=\"false\"><\/div>\n","protected":false},"excerpt":{"rendered":"<p>Pjes\u00ebmarrje masive n\u00eb protest\u00ebn e opozit\u00ebs. Mij\u00ebra njer\u00ebz jan\u00eb mbledhur n\u00eb bulevardin \u201cD\u00ebshmor\u00ebt e Kombit\u201d. N\u00eb podium po mbajn\u00eb fjalime p\u00ebrfaq\u00ebsues t\u00eb partive opozitare. Qytetar\u00ebt b\u00ebjn\u00eb thirrje p\u00ebr largimin e Edi Ram\u00ebs, nd\u00ebrkoh\u00eb q\u00eb mbajn\u00eb n\u00eb duar pankarta kund\u00ebr qeveris\u00eb.<\/p>\n","protected":false},"author":5,"featured_media":52814,"comment_status":"open","ping_status":"open","sticky":false,"template":"","format":"standard","meta":{"footnotes":""},"categories":[1,6332],"tags":[20462,20461],"class_list":{"0":"post-52812","1":"post","2":"type-post","3":"status-publish","4":"format-standard","5":"has-post-thumbnail","7":"category-aktualitet","8":"category-te-fundit","9":"tag-pjesemarrje-masive-ne-protesten-e-opozites","10":"tag-video-foto-mijera-qytetare-mbushin-sheshin"},"_links":{"self":[{"href":"https:\/\/jugulajm.net\/index.php?rest_route=\/wp\/v2\/posts\/52812","targetHints":{"allow":["GET"]}}],"collection":[{"href":"https:\/\/jugulajm.net\/index.php?rest_route=\/wp\/v2\/posts"}],"about":[{"href":"https:\/\/jugulajm.net\/index.php?rest_route=\/wp\/v2\/types\/post"}],"author":[{"embeddable":true,"href":"https:\/\/jugulajm.net\/index.php?rest_route=\/wp\/v2\/users\/5"}],"replies":[{"embeddable":true,"href":"https:\/\/jugulajm.net\/index.php?rest_route=%2Fwp%2Fv2%2Fcomments&post=52812"}],"version-history":[{"count":0,"href":"https:\/\/jugulajm.net\/index.php?rest_route=\/wp\/v2\/posts\/52812\/revisions"}],"wp:featuredmedia":[{"embeddable":true,"href":"https:\/\/jugulajm.net\/index.php?rest_route=\/wp\/v2\/media\/52814"}],"wp:attachment":[{"href":"https:\/\/jugulajm.net\/index.php?rest_route=%2Fwp%2Fv2%2Fmedia&parent=52812"}],"wp:term":[{"taxonomy":"category","embeddable":true,"href":"https:\/\/jugulajm.net\/index.php?rest_route=%2Fwp%2Fv2%2Fcategories&post=52812"},{"taxonomy":"post_tag","embeddable":true,"href":"https:\/\/jugulajm.net\/index.php?rest_route=%2Fwp%2Fv2%2Ftags&post=52812"}],"curies":[{"name":"wp","href":"https:\/\/api.w.org\/{rel}","templated":true}]}}