{"id":52785,"date":"2022-11-11T19:39:29","date_gmt":"2022-11-11T18:39:29","guid":{"rendered":"https:\/\/jugulajm.net\/?p=52785"},"modified":"2022-11-11T19:44:38","modified_gmt":"2022-11-11T18:44:38","slug":"protesta-shehu-neser-ne-shesh-do-kete-ortek-demokratik-video","status":"publish","type":"post","link":"https:\/\/jugulajm.net\/?p=52785","title":{"rendered":"Protesta\/ Shehu: Nes\u00ebr n\u00eb shesh do ket\u00eb ortek demokratik\/ VIDEO"},"content":{"rendered":"<p>Me thirrjen &#8220;T\u00eb shp\u00ebtojm\u00eb Shqip\u00ebrin\u00eb!&#8221; opozita do t\u00eb zbres\u00eb nes\u00ebr n\u00eb shesh bashk\u00eb me qytetar\u00ebt p\u00ebr t\u00eb protestuar kund\u00ebr keqqeverisjes s\u00eb mazhoranc\u00ebs.<\/p>\n<p>Deputeti demokrat i Qarkut Gjirokaster, Tritan Shehu, n\u00eb nj\u00eb intervist\u00eb p\u00ebr Rtv Ora me gazetaren Besmira Pelushaj thot\u00eb se n\u00ebse shpopullimi vazhdon me k\u00ebto ritme askush nuk e di se \u00e7far\u00eb do t\u00eb ndodh\u00eb me Shqip\u00ebrin\u00eb.<\/p>\n<p><strong>Shehu:<\/strong>\u00a0Motivi \u00ebsht\u00eb t\u00eb mbrojm\u00eb Shqip\u00ebrin\u00eb, t\u00eb shp\u00ebtojm\u00eb Shqip\u00ebrin\u00eb q\u00eb po shkat\u00ebrrohet po shp\u00ebrb\u00ebhet. Shqiptar\u00ebt po ikin dhe askush se di \u00e7far\u00eb do t\u00eb ndodh\u00eb me fatin e Shqip\u00ebris\u00eb n\u00ebse do t\u00eb vazhdohet\u00a0 n\u00eb k\u00ebt\u00eb m\u00ebnyr\u00eb.<\/p>\n<p>Teksa pyetet n\u00ebse do tu bashkohen koleg\u00ebt e grupit Alibeaj n\u00eb protest\u00eb, Shehu thot\u00eb se ata e kan\u00eb vendin te qytetar\u00ebt q\u00eb i kan\u00eb zgjedhur.<\/p>\n<p><strong>Shehu:<\/strong>\u00a0Nuk \u00ebsht\u00eb protest\u00eb vet\u00ebm e forcave politike por e qytetar\u00ebve n\u00eb ter\u00ebsi.Un\u00eb mendoj se deputet\u00ebt e PD e kan\u00eb vendin t\u00eb gjith\u00eb, duhet t\u00eb jen\u00eb me elektoratin e tyre, ata q\u00eb i kan\u00eb zgjedhur se ndryshe pastaj zhb\u00ebhen si deputet\u00eb.<\/p>\n<p>Deputeti demokrat mohoi z\u00ebrat p\u00ebr protest\u00eb t\u00eb dhunshme duke sqaruar dhe ortekun e Sali Berish\u00ebs.<\/p>\n<p><strong>Shehu:<\/strong>\u00a0Kur ka b\u00ebr\u00eb protest\u00eb t\u00eb dhunshme PD, asnj\u00ebher\u00eb. Gjithmon\u00eb kemi manifestuar paq\u00ebsisht. PD nuk e ka n\u00eb genin e saj, n\u00eb thelbin e saj, n\u00eb psikologjin\u00eb e saj dhun\u00ebn. PD \u00ebsht\u00eb nj\u00eb forc\u00eb per\u00ebndimore dhe europiane. Ortek do jen\u00eb ato dhjet\u00ebra mij\u00ebra njer\u00ebz q\u00eb do jen\u00eb atje. Nuk b\u00ebhet fjal\u00eb p\u00ebr dhun\u00eb por nj\u00eb manifestim t\u00eb indinjat\u00ebs p\u00ebr t\u00eb treguar gjendjen ku \u00ebsht\u00eb vendi, mendimet e qytetar\u00ebt p\u00ebr k\u00ebt\u00eb situat\u00eb dhe ngjalljen e shpres\u00ebs p\u00ebr nes\u00ebr. Orteku nuk \u00ebsht\u00eb i dhunsh\u00ebm, flasim p\u00ebr ortek demokratik, ai ortek q\u00eb p\u00ebrmbysi regjimin\u00a0 komunist, u shfaq dhe n\u00eb korrik.<\/p>\n<p>E n\u00ebse dita e nes\u00ebrme \u00ebsht\u00eb nj\u00eb test p\u00ebr kryetarin e PD, Shehu thot\u00eb se ai \u00ebsht\u00eb ezauruar n\u00eb korrik.<\/p>\n<p><strong>Shehu:<\/strong>\u00a0Un\u00eb pres q\u00eb qytetar\u00ebt t\u00eb shprehin mosaprovimin e tyre, mendimin e thell\u00eb negativ ndaj k\u00ebsaj qeverisje, d\u00ebnimin ndaj k\u00ebsaj keqeverisje. Presim q\u00eb njer\u00ebzit t\u00eb jen\u00eb s\u00ebbashku.<\/p>\n","protected":false},"excerpt":{"rendered":"<p>Me thirrjen &#8220;T\u00eb shp\u00ebtojm\u00eb Shqip\u00ebrin\u00eb!&#8221; opozita do t\u00eb zbres\u00eb nes\u00ebr n\u00eb shesh bashk\u00eb me qytetar\u00ebt p\u00ebr t\u00eb protestuar kund\u00ebr keqqeverisjes s\u00eb mazhoranc\u00ebs. Deputeti demokrat i Qarkut Gjirokaster, Tritan Shehu, n\u00eb nj\u00eb intervist\u00eb p\u00ebr Rtv Ora me gazetaren Besmira Pelushaj thot\u00eb se n\u00ebse shpopullimi vazhdon me k\u00ebto ritme askush nuk e di se \u00e7far\u00eb do t\u00eb [&hellip;]<\/p>\n","protected":false},"author":5,"featured_media":52788,"comment_status":"open","ping_status":"open","sticky":false,"template":"","format":"video","meta":{"footnotes":""},"categories":[1,6326,6332],"tags":[20452],"class_list":{"0":"post-52785","1":"post","2":"type-post","3":"status-publish","4":"format-video","5":"has-post-thumbnail","7":"category-aktualitet","8":"category-politike","9":"category-te-fundit","10":"tag-protesta-shehu-neser-ne-shesh-do-kete-ortek-demokratik-video","11":"post_format-post-format-video"},"_links":{"self":[{"href":"https:\/\/jugulajm.net\/index.php?rest_route=\/wp\/v2\/posts\/52785","targetHints":{"allow":["GET"]}}],"collection":[{"href":"https:\/\/jugulajm.net\/index.php?rest_route=\/wp\/v2\/posts"}],"about":[{"href":"https:\/\/jugulajm.net\/index.php?rest_route=\/wp\/v2\/types\/post"}],"author":[{"embeddable":true,"href":"https:\/\/jugulajm.net\/index.php?rest_route=\/wp\/v2\/users\/5"}],"replies":[{"embeddable":true,"href":"https:\/\/jugulajm.net\/index.php?rest_route=%2Fwp%2Fv2%2Fcomments&post=52785"}],"version-history":[{"count":0,"href":"https:\/\/jugulajm.net\/index.php?rest_route=\/wp\/v2\/posts\/52785\/revisions"}],"wp:featuredmedia":[{"embeddable":true,"href":"https:\/\/jugulajm.net\/index.php?rest_route=\/wp\/v2\/media\/52788"}],"wp:attachment":[{"href":"https:\/\/jugulajm.net\/index.php?rest_route=%2Fwp%2Fv2%2Fmedia&parent=52785"}],"wp:term":[{"taxonomy":"category","embeddable":true,"href":"https:\/\/jugulajm.net\/index.php?rest_route=%2Fwp%2Fv2%2Fcategories&post=52785"},{"taxonomy":"post_tag","embeddable":true,"href":"https:\/\/jugulajm.net\/index.php?rest_route=%2Fwp%2Fv2%2Ftags&post=52785"}],"curies":[{"name":"wp","href":"https:\/\/api.w.org\/{rel}","templated":true}]}}