{"id":52753,"date":"2022-11-10T19:07:44","date_gmt":"2022-11-10T18:07:44","guid":{"rendered":"https:\/\/jugulajm.net\/?p=52753"},"modified":"2022-11-10T19:08:13","modified_gmt":"2022-11-10T18:08:13","slug":"video-largimet-e-shqiptareve-rama-kur-ishte-ne-opozite-fajesonte-berishen-tani-e-quan-trend-qe-ska-lidhje-me-qeverine","status":"publish","type":"post","link":"https:\/\/jugulajm.net\/?p=52753","title":{"rendered":"VIDEO\/ Largimet e shqiptar\u00ebve\/ Rama kur ishte n\u00eb opozit\u00eb faj\u00ebsonte Berish\u00ebn, tani e quan \u201ctrend\u201d q\u00eb s\u2019ka lidhje me qeverin\u00eb"},"content":{"rendered":"<p>\u201cNga Shqip\u00ebria ikin \u00e7do dite 130 vet\u00eb. Pse ikin k\u00ebta nga kjo parajse e pun\u00ebs dhe e pun\u00ebsimit?! Ikin sepse nuk jetojn\u00eb dot\u201d, shprehej Rama n\u00eb 2013-\u00ebn. Nd\u00ebrkoh\u00eb n\u00eb 2019-\u00ebn ai deklaronte se; \u201cKush thot\u00eb se ikja e njer\u00ebzve sot nga Shqip\u00ebria lidhet me qeverisjen, nuk kupton asgj\u00eb. Ose nuk kupton asgj\u00eb, ose \u00ebsht\u00eb i posht\u00ebr,\u201d.<\/p>\n<p>Duket se kryeministri Edi Rama ka shpjegime t\u00eb ndryshme p\u00ebr shkaqet e emigrimit t\u00eb shqiptar\u00ebve. Kur ishte n\u00eb opozit\u00eb n\u00eb vitin 2013 b\u00ebnte p\u00ebrgjegj\u00ebse qeverin\u00eb e Berish\u00ebs, vjedhjen e vot\u00ebs, munges\u00ebn e pun\u00ebsimit e te shpres\u00ebs, nd\u00ebrsa tashm\u00eb q\u00eb \u00ebsht\u00eb vet\u00eb n\u00eb krye t\u00eb qeveris\u00eb, pllaka \u00ebsht\u00eb kthyer n\u00eb an\u00ebn tjet\u00ebr.<\/p>\n<p>\u201cPse ikin k\u00ebta nga kjo parajs\u00eb e pun\u00ebs dhe pun\u00ebsimit? \u00c7a shkojn\u00eb t\u00eb gjejn\u00eb atje? Ikin se nuk jetojn\u00eb dot.\u201d, thoshte Rama kur ishte n\u00eb opozit\u00eb.<\/p>\n<p>\u201cKush thot\u00eb se ikja e njer\u00ebzve nga Shqip\u00ebria lidhet me qeverisjen, nuk kupton asgj\u00eb gj\u00eb.\u201d, pohonte Rama m\u00eb 2019-\u00ebn.<\/p>\n<p><iframe title=\"YouTube video player\" src=\"https:\/\/www.youtube.com\/embed\/yz1Xfnbvz_g\" frameborder=\"0\" allowfullscreen=\"allowfullscreen\" data-sticky-video-state=\"sticky\" data-mce-fragment=\"1\"><\/iframe><\/p>\n<p>Largimi masiv i shqiptareve nga vendi \u00ebsht\u00eb tashm\u00eb nj\u00eb fakt. Sipas t\u00eb dh\u00ebnave t\u00eb Instat, ne 10 vitet e fundit q\u00eb p\u00ebrkojn\u00eb me kohen kur PS ka mbajtur pushtetin jan\u00eb larguar nga vendi 7.5% e popullsis\u00eb, por realisht shifrat jan\u00eb shum\u00eb m\u00eb tep\u00ebr se kaq. Edhe vet\u00eb p\u00ebrfaq\u00ebsues t\u00eb maxhoranc\u00ebs kan\u00eb pohuar se prej vitit 2013 jan\u00eb larguar nga vendi rreth 500 mij\u00eb shqiptar\u00eb. Por, kryeministri Rama p\u00ebrs\u00ebrit se qeveria nuk ka p\u00ebrgjegj\u00ebsi dhe se emigrimi \u00ebsht\u00eb kthyer n\u00eb nj\u00eb trend europian.<\/p>\n<p>\u201cAsnj\u00eb lloj skuad\u00ebr politike e ardhur dhe nga h\u00ebna n\u00eb k\u00ebt\u00eb vend, nuk do t\u00eb kishte mundur dot q\u00eb t\u00eb mbyllte der\u00ebn edhe q\u00eb shqiptaret t\u2019i mbante k\u00ebtu q\u00eb t\u00eb gjith\u00eb. Sepse kjo nuk b\u00ebn sens..\u201d, pohoi Rama pak dit\u00eb m\u00eb par\u00eb.<br \/>\nPor n\u00eb shkurt t\u00eb 2013-\u00ebs Rama shprehej se: \u201cNga Shqip\u00ebria ikin \u00e7do dite 130 vet\u00eb. Pse ikin k\u00ebta nga kjo parajse e pun\u00ebs dhe e pun\u00ebsimit?! Ikin sepse nuk jetojn\u00eb dot\u201d.<\/p>\n<p>Tashm\u00eb, referuar shifrave t\u00eb t\u00eb larguarve, rezulton se ikin 140 vet\u00eb n\u00eb dit\u00eb. N\u00eb tentativ\u00ebn p\u00ebr t\u00eb manipuluar situat\u00ebn dhe shkaqet e largimit t\u00eb shqiptar\u00ebve, Rama thot\u00eb se drama njer\u00ebzore n\u00eb kanalin e La Manche \u00ebsht\u00eb produkt i thashethemeve t\u00eb p\u00ebrhapura se \u2018Britania ka mungesa dhe k\u00ebt\u00eb boshll\u00ebk mund ta mbushim ne\u2019.<\/p>\n","protected":false},"excerpt":{"rendered":"<p>\u201cNga Shqip\u00ebria ikin \u00e7do dite 130 vet\u00eb. Pse ikin k\u00ebta nga kjo parajse e pun\u00ebs dhe e pun\u00ebsimit?! Ikin sepse nuk jetojn\u00eb dot\u201d, shprehej Rama n\u00eb 2013-\u00ebn. Nd\u00ebrkoh\u00eb n\u00eb 2019-\u00ebn ai deklaronte se; \u201cKush thot\u00eb se ikja e njer\u00ebzve sot nga Shqip\u00ebria lidhet me qeverisjen, nuk kupton asgj\u00eb. Ose nuk kupton asgj\u00eb, ose \u00ebsht\u00eb i [&hellip;]<\/p>\n","protected":false},"author":5,"featured_media":52288,"comment_status":"open","ping_status":"open","sticky":false,"template":"","format":"standard","meta":{"footnotes":""},"categories":[1,6326,6332],"tags":[20432,20431,20430],"class_list":{"0":"post-52753","1":"post","2":"type-post","3":"status-publish","4":"format-standard","5":"has-post-thumbnail","7":"category-aktualitet","8":"category-politike","9":"category-te-fundit","10":"tag-edi-rama","11":"tag-tani-e-quan-trend-qe-ska-lidhje-me-qeverine","12":"tag-video-largimet-e-shqiptareve-rama-kur-ishte-ne-opozite-fajesonte-berishen"},"_links":{"self":[{"href":"https:\/\/jugulajm.net\/index.php?rest_route=\/wp\/v2\/posts\/52753","targetHints":{"allow":["GET"]}}],"collection":[{"href":"https:\/\/jugulajm.net\/index.php?rest_route=\/wp\/v2\/posts"}],"about":[{"href":"https:\/\/jugulajm.net\/index.php?rest_route=\/wp\/v2\/types\/post"}],"author":[{"embeddable":true,"href":"https:\/\/jugulajm.net\/index.php?rest_route=\/wp\/v2\/users\/5"}],"replies":[{"embeddable":true,"href":"https:\/\/jugulajm.net\/index.php?rest_route=%2Fwp%2Fv2%2Fcomments&post=52753"}],"version-history":[{"count":0,"href":"https:\/\/jugulajm.net\/index.php?rest_route=\/wp\/v2\/posts\/52753\/revisions"}],"wp:featuredmedia":[{"embeddable":true,"href":"https:\/\/jugulajm.net\/index.php?rest_route=\/wp\/v2\/media\/52288"}],"wp:attachment":[{"href":"https:\/\/jugulajm.net\/index.php?rest_route=%2Fwp%2Fv2%2Fmedia&parent=52753"}],"wp:term":[{"taxonomy":"category","embeddable":true,"href":"https:\/\/jugulajm.net\/index.php?rest_route=%2Fwp%2Fv2%2Fcategories&post=52753"},{"taxonomy":"post_tag","embeddable":true,"href":"https:\/\/jugulajm.net\/index.php?rest_route=%2Fwp%2Fv2%2Ftags&post=52753"}],"curies":[{"name":"wp","href":"https:\/\/api.w.org\/{rel}","templated":true}]}}