{"id":52747,"date":"2022-11-10T18:38:42","date_gmt":"2022-11-10T17:38:42","guid":{"rendered":"https:\/\/jugulajm.net\/?p=52747"},"modified":"2022-11-10T18:38:42","modified_gmt":"2022-11-10T17:38:42","slug":"vizita-ne-gjermani-deputeti-i-gjirokastres-shehu-takon-kreun-e-cdu-pd-mbeshtet-vetem-procesin-e-berlinit","status":"publish","type":"post","link":"https:\/\/jugulajm.net\/?p=52747","title":{"rendered":"Vizita n\u00eb Gjermani\/ Deputeti i Gjirokastr\u00ebs Shehu takon kreun e CDU: PD mb\u00ebshtet vet\u00ebm Procesin e Berlinit"},"content":{"rendered":"<p>Deputeti i PD-s\u00eb per Qarkun Gjirokaster, Tritan Shehu, \u00ebsht\u00eb takuar n\u00eb Gjermani me kreun e CDU Friedrich Merz, p\u00ebr t\u00eb cilin thot\u00eb se \u00ebsht\u00eb politikani m\u00eb influent i t\u00eb djatht\u00ebs n\u00eb Europ\u00ebn e Bashkuar.<\/p>\n<p>Shehu permes nje postimi ne fb ben me dije se i ka p\u00ebrcjell\u00eb p\u00ebrsh\u00ebndetjet e fal\u00ebnderimet e Kryetarit Berisha dhe t\u00eb PD p\u00ebr interesin e rolin thelb\u00ebsor t\u00eb Gjermanis\u00eb, CDU e atij personalisht ndaj Shqip\u00ebris\u00eb e Rajonit.<\/p>\n<p><strong>Ja postimi i plote i Shehut:<\/strong><br \/>\nBerlin.<\/p>\n<p>PD, me \u201cfytyr\u00ebn\u201d nga Europa e Per\u00ebndimi, p\u00ebrkrah vet\u00ebm Procesin e Berlinit e konsideron CDU mb\u00ebshtet\u00ebsen e madhe.<\/p>\n<p>Mbr\u00ebm\u00eb kisha nj\u00eb takim shum\u00eb t\u00eb r\u00ebnd\u00ebsish\u00ebm me Z. Friedrich Merz, kryetar i CDU gjermane, politikani m\u00eb influent i t\u00eb djatht\u00ebs n\u00eb Europ\u00ebn e Bashkuar.<\/p>\n<p>U zhvillua nj\u00eb bised\u00eb miq\u00ebsore, ku s\u00eb pari i p\u00ebrcolla p\u00ebrsh\u00ebndetjet e fal\u00ebnderimet e Kryetarit Berisha dhe t\u00eb PD p\u00ebr interesin e rolin thelb\u00ebsor t\u00eb Gjermanis\u00eb, CDU e atij personalisht ndaj Shqip\u00ebris\u00eb e Rajonit.<\/p>\n<p>M\u00eb tej e informova p\u00ebr zhvillimet n\u00eb vendin ton\u00eb e n\u00eb rajon, p\u00ebr problemet, rreziqet e sfidat me t\u00eb cilat po ballafaqohemi.<\/p>\n<p>&nbsp;<\/p>\n<div id=\"beacon_f35c955c72\"><img loading=\"lazy\" loading=\"lazy\" decoding=\"async\" src=\"https:\/\/ads.balkanweb.com\/www\/delivery\/lg.php?bannerid=0&amp;campaignid=0&amp;zoneid=629&amp;loc=https%3A%2F%2Fwww.balkanweb.com%2Ftritan-shehu-takon-kreun-e-cdu-pd-mbeshtet-vetem-procesin-e-berlinit-nismat-europiane-dhe-i-kundervihet-me-force-atyre-qe-fryne-ere-per-nga-lindja%2F&amp;referer=https%3A%2F%2Fwww.balkanweb.com%2F%3Fs%3Dtritan%2Bshehu&amp;cb=f35c955c72\" alt=\"\" width=\"0\" height=\"0\" \/><\/div>\n<p>&nbsp;<\/p>\n<p>Duke i k\u00ebrkuar mb\u00ebshtetjen e CDU n\u00eb p\u00ebrpjekjet tona, si dhe forcimin e rolit t\u00eb saj e Gjermanis\u00eb aty, qoft\u00eb me Procesin e Berlinit, qoft\u00eb dhe me iniciativa t\u00eb tjera.<\/p>\n<p>E sigurova se PD mb\u00ebshtet vet\u00ebm Procesin e Berlinit, nismat europiane dhe i kund\u00ebrvihet me forc\u00eb atyre, q\u00eb fryn\u00eb ere p\u00ebr nga Lindja, si dhe \u00e7do projekti tjet\u00ebr p\u00ebr\u00e7ar\u00ebs e destabilizues.<\/p>\n<p>N\u00eb bashk\u00ebbisedim u theksua vullneti i pal\u00ebkundur i PD p\u00ebr t\u00eb qen\u00eb nj\u00eb faktor vendimtar n\u00eb Shqip\u00ebri e i r\u00ebnd\u00ebsish\u00ebm n\u00eb Rajon, n\u00eb mb\u00ebshtetje t\u00eb t\u00eb gjith\u00eb proceseve, q\u00eb forcojn\u00eb stabilitetin e paqen, duke shtyr\u00eb n\u00eb rrug\u00ebn e integrimit.<\/p>\n<p>I k\u00ebrkova Kryetarit Merz q\u00eb gjithashtu t\u00eb forcohet bashk\u00ebpunimi nd\u00ebrpartiak, PD-CDU, duke i parashtruar dhe disa elemente konkrete t\u00eb k\u00ebtij procesi.<br \/>\nGjeta mir\u00ebkuptimin e tij, si dhe vullnetin p\u00ebr takime t\u00eb tjera direkte midis dy forcave tona politike.<br \/>\nKy ritakim me Z. Merz p\u00ebrmbylli ciklin dy ditor t\u00eb takimeve t\u00eb mia n\u00eb Berlin.<\/p>\n<p><img decoding=\"async\" src=\"https:\/\/scontent.ftia14-1.fna.fbcdn.net\/v\/t39.30808-6\/314900295_3381606305409677_3326003638506325189_n.jpg?stp=cp6_dst-jpg&amp;_nc_cat=111&amp;ccb=1-7&amp;_nc_sid=8bfeb9&amp;_nc_ohc=wQEQZmwEN2MAX81ZwJF&amp;_nc_ht=scontent.ftia14-1.fna&amp;oh=00_AfBtFHyVFKsEav3ot4NcLDCH3GzXC-gvZzfoJljM0yal8g&amp;oe=6371AB05\" alt=\"Mund t\u00eb jet\u00eb nj\u00eb imazh i 2 persona, njer\u00ebz n\u00eb k\u00ebmb\u00eb dhe kostum\" \/><img decoding=\"async\" src=\"https:\/\/scontent.ftia14-1.fna.fbcdn.net\/v\/t39.30808-6\/314745800_3381606165409691_7540774465890162666_n.jpg?stp=cp6_dst-jpg&amp;_nc_cat=102&amp;ccb=1-7&amp;_nc_sid=8bfeb9&amp;_nc_ohc=lgicEyuI628AX_d4nzz&amp;_nc_ht=scontent.ftia14-1.fna&amp;oh=00_AfBqSM8-2aBQMXOxF8JPxB3IyGo4j1ceM8D9XOETbp0yag&amp;oe=637272EC\" alt=\"Mund t\u00eb jet\u00eb nj\u00eb imazh i 2 persona dhe njer\u00ebz n\u00eb k\u00ebmb\u00eb\" \/><img decoding=\"async\" src=\"https:\/\/scontent.ftia14-1.fna.fbcdn.net\/v\/t39.30808-6\/314883834_3381606282076346_1144549676487231730_n.jpg?stp=cp6_dst-jpg&amp;_nc_cat=100&amp;ccb=1-7&amp;_nc_sid=8bfeb9&amp;_nc_ohc=_aVPWeaKGS0AX96J1Oh&amp;_nc_ht=scontent.ftia14-1.fna&amp;oh=00_AfCdzvm4iARPydsQUnrMr0h26dz_ajxVcpx6eoXIkETwMw&amp;oe=6372E0AC\" alt=\"Mund t\u00eb jet\u00eb nj\u00eb imazh i 4 persona dhe njer\u00ebz n\u00eb k\u00ebmb\u00eb\" \/><img decoding=\"async\" src=\"https:\/\/scontent.ftia14-1.fna.fbcdn.net\/v\/t39.30808-6\/314899424_3381606268743014_605598989115289542_n.jpg?stp=cp6_dst-jpg&amp;_nc_cat=100&amp;ccb=1-7&amp;_nc_sid=8bfeb9&amp;_nc_ohc=S_z3APKtaAwAX8WnQTB&amp;tn=TWfxIJ3ED9EeRH58&amp;_nc_ht=scontent.ftia14-1.fna&amp;oh=00_AfByZUHvL4NMcGtRKvGNNzzNAATOJd0C8y94ro5CNIpLTw&amp;oe=6371D3A4\" alt=\"Mund t\u00eb jet\u00eb nj\u00eb imazh i 2 persona, njer\u00ebz n\u00eb k\u00ebmb\u00eb dhe ambiente t\u00eb brendshme\" \/><img decoding=\"async\" src=\"https:\/\/scontent.ftia14-1.fna.fbcdn.net\/v\/t39.30808-6\/314377982_3381605858743055_201505459997655427_n.jpg?stp=cp6_dst-jpg&amp;_nc_cat=103&amp;ccb=1-7&amp;_nc_sid=8bfeb9&amp;_nc_ohc=EQgo47CbU6gAX9kV2bM&amp;_nc_ht=scontent.ftia14-1.fna&amp;oh=00_AfDmg1pNbGlH1BmuaePGx_90jA3kt-H2Ts1nVIx5sumfCw&amp;oe=63726BB6\" alt=\"Mund t\u00eb jet\u00eb nj\u00eb imazh i 5 persona, njer\u00ebz n\u00eb k\u00ebmb\u00eb dhe kostum\" \/><\/p>\n","protected":false},"excerpt":{"rendered":"<p>Deputeti i PD-s\u00eb per Qarkun Gjirokaster, Tritan Shehu, \u00ebsht\u00eb takuar n\u00eb Gjermani me kreun e CDU Friedrich Merz, p\u00ebr t\u00eb cilin thot\u00eb se \u00ebsht\u00eb politikani m\u00eb influent i t\u00eb djatht\u00ebs n\u00eb Europ\u00ebn e Bashkuar. Shehu permes nje postimi ne fb ben me dije se i ka p\u00ebrcjell\u00eb p\u00ebrsh\u00ebndetjet e fal\u00ebnderimet e Kryetarit Berisha dhe t\u00eb [&hellip;]<\/p>\n","protected":false},"author":5,"featured_media":52748,"comment_status":"open","ping_status":"open","sticky":false,"template":"","format":"standard","meta":{"footnotes":""},"categories":[6326,6332],"tags":[20369,20427],"class_list":{"0":"post-52747","1":"post","2":"type-post","3":"status-publish","4":"format-standard","5":"has-post-thumbnail","7":"category-politike","8":"category-te-fundit","9":"tag-tritan-shehu","10":"tag-vizita-ne-gjermani-deputeti-i-gjirokastres-shehu-takon-kreun-e-cdu-pd-mbeshtet-vetem-procesin-e-berlinit"},"_links":{"self":[{"href":"https:\/\/jugulajm.net\/index.php?rest_route=\/wp\/v2\/posts\/52747","targetHints":{"allow":["GET"]}}],"collection":[{"href":"https:\/\/jugulajm.net\/index.php?rest_route=\/wp\/v2\/posts"}],"about":[{"href":"https:\/\/jugulajm.net\/index.php?rest_route=\/wp\/v2\/types\/post"}],"author":[{"embeddable":true,"href":"https:\/\/jugulajm.net\/index.php?rest_route=\/wp\/v2\/users\/5"}],"replies":[{"embeddable":true,"href":"https:\/\/jugulajm.net\/index.php?rest_route=%2Fwp%2Fv2%2Fcomments&post=52747"}],"version-history":[{"count":0,"href":"https:\/\/jugulajm.net\/index.php?rest_route=\/wp\/v2\/posts\/52747\/revisions"}],"wp:featuredmedia":[{"embeddable":true,"href":"https:\/\/jugulajm.net\/index.php?rest_route=\/wp\/v2\/media\/52748"}],"wp:attachment":[{"href":"https:\/\/jugulajm.net\/index.php?rest_route=%2Fwp%2Fv2%2Fmedia&parent=52747"}],"wp:term":[{"taxonomy":"category","embeddable":true,"href":"https:\/\/jugulajm.net\/index.php?rest_route=%2Fwp%2Fv2%2Fcategories&post=52747"},{"taxonomy":"post_tag","embeddable":true,"href":"https:\/\/jugulajm.net\/index.php?rest_route=%2Fwp%2Fv2%2Ftags&post=52747"}],"curies":[{"name":"wp","href":"https:\/\/api.w.org\/{rel}","templated":true}]}}