{"id":52720,"date":"2022-11-09T21:15:07","date_gmt":"2022-11-09T20:15:07","guid":{"rendered":"https:\/\/jugulajm.net\/?p=52720"},"modified":"2022-11-09T21:15:07","modified_gmt":"2022-11-09T20:15:07","slug":"italia-kerkon-uje-nga-shqiperia-gati-projekti-ne-tryezen-e-kryeministrit-rama","status":"publish","type":"post","link":"https:\/\/jugulajm.net\/?p=52720","title":{"rendered":"Italia k\u00ebrkon uj\u00eb nga Shqip\u00ebria, gati projekti n\u00eb tryez\u00ebn e kryeministrit Rama"},"content":{"rendered":"<p>Gazeta italiane\u00a0<a href=\"https:\/\/www.corriere.it\/economia\/aziende\/22_novembre_09\/crisi-idrica-acquedotto-dall-albania-puglia-progetto-1-miliardo-28044fcc-6045-11ed-8bc9-4c51e1976893.shtml\">\u201cCorriere della Sera\u201d<\/a>\u00a0ka publikuar pjes\u00eb t\u00eb nj\u00eb projekti p\u00ebr transportin e ujit t\u00eb pijsh\u00ebm nga Shqip\u00ebria n\u00eb Itali. N\u00eb shkrim jepen detaje se projekti nuk \u00ebsht\u00eb vet\u00ebm nj\u00eb ide, por ka shifra dhe p\u00ebrllogaritje t\u00eb investimit. P\u00ebr k\u00ebt\u00eb projekt nuk ka pasur asnj\u00eb koment deri tani nga autoritetet shqiptare.<\/p>\n<p>B\u00ebhet fjal\u00eb p\u00ebr nj\u00eb tubacion n\u00ebnujor q\u00eb do t\u00eb nis\u00eb n\u00eb Gjirokast\u00ebr dhe do t\u00eb p\u00ebrfundoj\u00eb n\u00eb Galugnano n\u00eb Salento. 85 kilometra do t\u00eb jen\u00eb n\u00ebn uj\u00eb nd\u00ebrsa 120 km n\u00ebn tok\u00eb. Uji do t\u00eb p\u00ebrdoret p\u00ebr t\u00eb furnizuar zonat e Basilicata dhe Campania q\u00eb deri tani kan\u00eb pasur nevoj\u00eb p\u00ebr marrjen e tij nga rajonet fqinje.<\/p>\n<p>N\u00eb shkrim thuhet se fillimisht kjo ide \u00ebsht\u00eb hedhur posht\u00eb duke marr\u00eb parasysh studimet e fizibilitetit t\u00eb b\u00ebra koh\u00eb m\u00eb par\u00eb. Ajo \u00ebsht\u00eb rimarr\u00eb tashm\u00eb nga Presidenti i Confindustria Puglia q\u00eb p\u00ebrfaq\u00ebson edhe kompanit\u00eb italiane q\u00eb prodhojn\u00eb n\u00eb vendin ton\u00eb, Sergio Fontana. N\u00eb asamblen\u00eb e territorit t\u00eb Barit ai apeloi p\u00ebr rikthimin e v\u00ebmendjes tek ky projekt.<\/p>\n<p><em>\u201cK\u00ebtu, n\u00eb Pulia, ne kemi aft\u00ebsit\u00eb p\u00ebr t\u00eb qen\u00eb nj\u00eb pik\u00eb referimi komb\u00ebtare p\u00ebr politik\u00ebn e ujit. Kemi \u201cUj\u00ebsjell\u00ebsin Puliez\u201d, m\u00eb t\u00eb madhin n\u00eb Evrop\u00eb. Kemi edhe stacionin e par\u00eb kontraktues n\u00eb Pulia. T\u00eb bashkuar nga deti Adriatik kemi p\u00ebrball\u00eb Shqip\u00ebrin\u00eb. Nj\u00eb vend shum\u00eb t\u00eb pasur me uj\u00eb.<\/em><\/p>\n<p><em>Ne kemi marr\u00ebdh\u00ebnie t\u00eb jasht\u00ebzakonshme af\u00ebrsie me Shqip\u00ebrin\u00eb. Ne kemi nj\u00eb mund\u00ebsi t\u00eb madhe p\u00ebr t\u00eb trajtuar kriz\u00ebn e ujit n\u00eb m\u00ebnyr\u00eb parandaluese. Ne mund t\u2019i japim jet\u00eb k\u00ebtij projekti t\u00eb madh dhe ambicioz. T\u00eb nd\u00ebrtojm\u00eb nj\u00eb infrastruktur\u00eb mbres\u00ebl\u00ebn\u00ebse ujore n\u00eb detin Adriatik midis Pulias dhe Shqip\u00ebris\u00eb\u201d<\/em>\u00a0\u2013 tha ai.<\/p>\n<h3>Numrat e projektit<\/h3>\n<p>P\u00ebr t\u00eb nd\u00ebrtuar infrastruktur\u00ebn do t\u00eb duheshin t\u00eb pakt\u00ebn 4 vjet pun\u00eb dhe 1 miliard euro. K\u00ebto mund t\u00eb financohen nga Bei, Bers, shteti italian, Rajoni dhe mjetet e veta t\u00eb Uj\u00ebsjell\u00ebsit t\u00eb Pulias. Q\u00ebllimi \u00ebsht\u00eb t\u00eb transportohen 150 milion\u00eb metra kub uj\u00eb n\u00eb vit n\u00eb Pulia me nj\u00eb tubacion n\u00ebnujor q\u00eb do t\u00eb arrinte 850 metra n\u00ebn nivelin e detit n\u00eb pikat m\u00eb t\u00eb thella. Jav\u00ebt e fundit presidenti i Rajonit t\u00eb Pulias, Michele Emiliano i shkroi kryeministrit shqiptar Edi Rama p\u00ebr t\u00eb shprehur interesin p\u00ebr k\u00ebt\u00eb projekt.<\/p>\n<p><em>\u201cInteresat e Pulias dhe Italis\u00eb jan\u00eb t\u00eb larta n\u00eb k\u00ebt\u00eb projekt. Kjo duke pasur parasysh that\u00ebsir\u00ebn q\u00eb ka karakterizuar vitet e fundit. Por edhe Shqip\u00ebria do t\u00eb kishte p\u00ebrfitime duke qen\u00eb se do t\u00eb hapeshin 8000 vende t\u00eb reja pune direkte dhe indirekte\u201d<\/em>\u00a0\u2013 e mbyll shkrimin e saj \u201cCorriere della Sera\u201d.<\/p>\n<h3>Edhe Korfuzi k\u00ebrkon ujin e Syrit t\u00eb \u201ckalt\u00ebr\u201d<\/h3>\n<p>Jo m\u00eb larg se n\u00eb qershor t\u00eb k\u00ebtij viti edhe mediat greke publikuan iden\u00eb e marrjes s\u00eb ujit t\u00eb pijsh\u00ebm nga Shqip\u00ebria. Ishte kryetari i Bashkis\u00eb s\u00eb Korfuzit t\u00eb Veriut, George Machimaris q\u00eb ngriti \u00e7\u00ebshtjen. Sipas tij kjo zgjidhte munges\u00ebn e ujit n\u00eb dekadat e ardhshme n\u00eb k\u00ebt\u00eb ishull.\u00a0<a href=\"https:\/\/www.ertnews.gr\/perifereiakoi-stathmoi\/kerkira\/kerkyra-protasi-metaforas-neroy-apo-tin-alvania-thetei-ek-neoy-o-g-macheimaris\/\">ERT NEWS<\/a>\u00a0shkroi se po p\u00ebrgatitej nj\u00eb marr\u00ebveshje midis vendit fqinj dhe qeveris\u00eb shqiptare. Edhe n\u00eb k\u00ebt\u00eb rast uji i kulluar do transferohej me nj\u00eb tubacion n\u00ebnujor.<\/p>\n<p>Pas publikimit t\u00eb lajmit ai u mohua nga autoritetet shqiptare. Ato than\u00eb se nuk ka asnj\u00eb interes apo marr\u00ebveshje p\u00ebr k\u00ebt\u00eb \u00e7\u00ebshtje. P\u00ebr her\u00eb t\u00eb par\u00eb lajmet p\u00ebr furnizimin e Korfuzit me ujin e kulluar t\u00eb \u201cSyrit t\u00eb kalt\u00ebr\u201d dol\u00ebn n\u00eb vitin 2001. Kan\u00eb qen\u00eb disa propozime greke nd\u00ebr vite p\u00ebr k\u00ebt\u00eb \u00e7\u00ebshtje, por asnj\u00ebher\u00eb pala shqiptare nuk ka dh\u00ebn\u00eb drit\u00ebn jeshile p\u00ebr nj\u00eb marr\u00ebveshje t\u00eb till\u00eb.<\/p>\n","protected":false},"excerpt":{"rendered":"<p>Gazeta italiane\u00a0\u201cCorriere della Sera\u201d\u00a0ka publikuar pjes\u00eb t\u00eb nj\u00eb projekti p\u00ebr transportin e ujit t\u00eb pijsh\u00ebm nga Shqip\u00ebria n\u00eb Itali. N\u00eb shkrim jepen detaje se projekti nuk \u00ebsht\u00eb vet\u00ebm nj\u00eb ide, por ka shifra dhe p\u00ebrllogaritje t\u00eb investimit. P\u00ebr k\u00ebt\u00eb projekt nuk ka pasur asnj\u00eb koment deri tani nga autoritetet shqiptare. B\u00ebhet fjal\u00eb p\u00ebr nj\u00eb tubacion [&hellip;]<\/p>\n","protected":false},"author":5,"featured_media":52721,"comment_status":"open","ping_status":"open","sticky":false,"template":"","format":"standard","meta":{"footnotes":""},"categories":[6327,6332],"tags":[20416,20415],"class_list":{"0":"post-52720","1":"post","2":"type-post","3":"status-publish","4":"format-standard","5":"has-post-thumbnail","7":"category-ekonomi","8":"category-te-fundit","9":"tag-gati-projekti-ne-tryezen-e-kryeministrit-rama","10":"tag-italia-kerkon-uje-nga-shqiperia"},"_links":{"self":[{"href":"https:\/\/jugulajm.net\/index.php?rest_route=\/wp\/v2\/posts\/52720","targetHints":{"allow":["GET"]}}],"collection":[{"href":"https:\/\/jugulajm.net\/index.php?rest_route=\/wp\/v2\/posts"}],"about":[{"href":"https:\/\/jugulajm.net\/index.php?rest_route=\/wp\/v2\/types\/post"}],"author":[{"embeddable":true,"href":"https:\/\/jugulajm.net\/index.php?rest_route=\/wp\/v2\/users\/5"}],"replies":[{"embeddable":true,"href":"https:\/\/jugulajm.net\/index.php?rest_route=%2Fwp%2Fv2%2Fcomments&post=52720"}],"version-history":[{"count":0,"href":"https:\/\/jugulajm.net\/index.php?rest_route=\/wp\/v2\/posts\/52720\/revisions"}],"wp:featuredmedia":[{"embeddable":true,"href":"https:\/\/jugulajm.net\/index.php?rest_route=\/wp\/v2\/media\/52721"}],"wp:attachment":[{"href":"https:\/\/jugulajm.net\/index.php?rest_route=%2Fwp%2Fv2%2Fmedia&parent=52720"}],"wp:term":[{"taxonomy":"category","embeddable":true,"href":"https:\/\/jugulajm.net\/index.php?rest_route=%2Fwp%2Fv2%2Fcategories&post=52720"},{"taxonomy":"post_tag","embeddable":true,"href":"https:\/\/jugulajm.net\/index.php?rest_route=%2Fwp%2Fv2%2Ftags&post=52720"}],"curies":[{"name":"wp","href":"https:\/\/api.w.org\/{rel}","templated":true}]}}